{"id":133080,"date":"2023-01-16T05:33:09","date_gmt":"2023-01-16T08:33:09","guid":{"rendered":"http:\/\/argentinamunicipal.com.ar\/argentina\/?p=133080"},"modified":"2023-01-12T20:36:09","modified_gmt":"2023-01-12T23:36:09","slug":"otro-duro-reves-para-rosario-no-adjudican-obras-para-el-monumento-a-la-bandera","status":"publish","type":"post","link":"http:\/\/argentinamunicipal.com.ar\/argentina\/otro-duro-reves-para-rosario-no-adjudican-obras-para-el-monumento-a-la-bandera\/","title":{"rendered":"Otro duro rev\u00e9s para Rosario: no adjudican obras para el Monumento a la Bandera"},"content":{"rendered":"<p>La Naci\u00f3n no adjudic\u00f3 las obras de refacci\u00f3n del Monumento Nacional a la Bandera (estaba el compromiso p\u00fablico de hacerlo antes de fin de a\u00f1o) y todo el proceso licitatorio est\u00e1 a un paso de caerse, y sin una sola se\u00f1al sobre si se har\u00e1 una redeterminaci\u00f3n, ser\u00e1 reformulado, o quedar\u00e1 como una promesa incumplida m\u00e1s.<\/p>\n<p>Al llamado a licitaci\u00f3n de las obras para poner en valor al Monumento Nacional de la Bandera, que ahora agoniza, s\u00f3lo le falta que alguien diga lo que ya est\u00e1 a la vista de todos: \u00abse cae\u00bb. No hay motivos para ser optimistas.<br \/>\nAlguna autoridad nacional (encargada de poner los fondos), provincial o del municipio rosarino, deber\u00e1 decir en breve que la obra finalmente no se har\u00e1 y con ello la alica\u00edda ciudad de Rosario recibir\u00e1 un nuevo y duro rev\u00e9s, esta vez golpeando directamente en su principal marca identitaria.<\/p>\n<p>Las necesarias obras de reparaci\u00f3n y puesta en valor se vienen postergando por a\u00f1os. Fueron anunciadas en su momento por la expresidenta Cristina Fern\u00e1ndez, pas\u00f3 todo el gobierno de Mauricio Macri y buena parte de la gesti\u00f3n de Alberto Fern\u00e1ndez y, por diferentes cuestiones, el resultado final siempre fue el mismo: postergaci\u00f3n, ca\u00edda, promesa sin cumplir, trabajos sin hacer\u2026<\/p>\n<p>En este caso, se lleg\u00f3 incluso al llamado a licitaci\u00f3n y apertura de sobres, pero nunca se adjudicaron los trabajos.<\/p>\n<p>Ahora, a cuatro meses de ese acto licitatorio, y aun cuando t\u00e9cnicamente todav\u00eda podr\u00edan adjudicarse las obras (hubo dos empresas que presentaron ofertas), todo indica que el gobierno nacional no har\u00e1 nada, dejando caer todo el proceso. Y que, trat\u00e1ndose adem\u00e1s del \u00faltimo a\u00f1o de gobierno y con el rigor de una inflaci\u00f3n del ciento por ciento, la hipot\u00e9tica nueva licitaci\u00f3n, ya no ocurrir\u00e1 durante esta gesti\u00f3n. Lamentable, desde cualquier punto de vista.<\/p>\n<p><strong>Amarga espera<\/strong><br \/>\nDespu\u00e9s de un tortuoso recorrido durante el gobierno de Macri en que finalmente las obras encaradas quedaron inconclusas, se rearm\u00f3 una licitaci\u00f3n con las tareas esenciales de conservaci\u00f3n y puesta en valor para completar lo que nunca se hizo. As\u00ed, se llega al a\u00f1o pasado, con un llamado a licitaci\u00f3n que apuntaba a arreglar la fuente de la proa del Monumento, limpiar los m\u00e1rmoles, entre otros trabajos de conservaci\u00f3n y puesta en valor.<\/p>\n<p>El lunes 26 de septiembre de 2022, se cumpli\u00f3 el plazo previsto para que las empresas presentaran propuestas y se abrieron los sobres. Dos firmas cotizaron: la rosarina DyScon S.A y la bonaerense Cocivial. En los dos casos, las ofertas casi duplicaban el presupuesto original, que era de 527.441.563,13.<\/p>\n<p>El c\u00e1lculo de Naci\u00f3n era de julio y la inflaci\u00f3n disparada explica las ofertas de las dos empresas participantes. En lo econ\u00f3mico, DyScon corre con una peque\u00f1a ventaja ya que su propuesta, $967.531.342,30, es inferior a los $1.024.202.864,95 que pidi\u00f3 la firma bonaerense para llevar adelante la obra.<\/p>\n<p>As\u00ed es que, adem\u00e1s de postergar una vez m\u00e1s -y van- las refacciones que ya son una deuda de Naci\u00f3n con Rosario y con su principal monumento, la ca\u00edda de la licitaci\u00f3n perjudica a la empresa santafesina, mejor posicionada, y eventualmente, a la contrataci\u00f3n de mano de obra local.<\/p>\n<p>Hacia fin del a\u00f1o pasado, y ante la demora en adjudicar, tanto el gobernador de la provincia, Omar Perotti; como el intendente de Rosario, Pablo Javkin; mantuvieron conversaciones con el ministro de Obras P\u00fablicas de la Naci\u00f3n, Gabriel Katopodis. Hab\u00eda un compromiso de adjudicar igual las obras, a pesar de que las ofertas eran altas, entendiendo que la inflaci\u00f3n dejaba desfasado completamente el medio mill\u00f3n de pesos del presupuesto oficial. Pero no sucedi\u00f3.<\/p>\n<p>Pas\u00f3 fin de a\u00f1o y no hubo ni hay novedades. Y todo parece indicar que, como sucedi\u00f3 con otras obras nacionales (una de las m\u00e1s notorias, la malograda transformaci\u00f3n en autov\u00eda del sure\u00f1o tramo santafesino de la ruta nacional 33), finalmente caer\u00e1 tambi\u00e9n la restauraci\u00f3n del Monumento a la Bandera.<\/p>\n<p>Hab\u00eda un compromiso de adjudicar igual las obras, a pesar de que las ofertas eran altas, entendiendo que la inflaci\u00f3n dejaba desfasado completamente el medio mill\u00f3n de pesos del presupuesto oficial. Pero no sucedi\u00f3.<\/p>\n<p><strong>Las tareas pendientes<\/strong><br \/>\nEntre el listado de obras necesarias contempladas en la licitaci\u00f3n destacan la limpieza de los m\u00e1rmoles travertinos del exterior (adem\u00e1s del hidrolavado est\u00e1 previsto que se hagan tareas de impermeabilizaci\u00f3n), con el mayor respeto por los materiales originales; la puesta en valor del Propileo y el arreglo de la fuente de la Proa del Monumento.<\/p>\n<p>Buena parte de los trabajos no son, como se cree, cosm\u00e9ticos o est\u00e9ticos. Son obras clave de mantenimiento en la base de la torre, en la fuente, en el m\u00e1stil; en los copones y en la llama votiva, entre otras.<\/p>\n<p>Est\u00e1n previstas mejoras en los laterales, en la iluminaci\u00f3n, en el ascensor, en la Sala de las Banderas y todo forma parte de la puesta en valor general del valioso y emblem\u00e1tico edificio.<\/p>\n<h6>Fuente: El Litoral<\/h6>\n","protected":false},"excerpt":{"rendered":"<p>La Naci\u00f3n no adjudic\u00f3 las obras de refacci\u00f3n del Monumento Nacional a la Bandera (estaba el compromiso p\u00fablico de hacerlo antes de fin de a\u00f1o) y todo el proceso licitatorio est\u00e1 a un paso de caerse<\/p>\n","protected":false},"author":2,"featured_media":133081,"comment_status":"closed","ping_status":"closed","sticky":false,"template":"","format":"standard","meta":{"footnotes":""},"categories":[2],"tags":[10],"class_list":["post-133080","post","type-post","status-publish","format-standard","has-post-thumbnail","hentry","category-informe-municipal","tag-santa-fe"],"_links":{"self":[{"href":"http:\/\/argentinamunicipal.com.ar\/argentina\/wp-json\/wp\/v2\/posts\/133080","targetHints":{"allow":["GET"]}}],"collection":[{"href":"http:\/\/argentinamunicipal.com.ar\/argentina\/wp-json\/wp\/v2\/posts"}],"about":[{"href":"http:\/\/argentinamunicipal.com.ar\/argentina\/wp-json\/wp\/v2\/types\/post"}],"author":[{"embeddable":true,"href":"http:\/\/argentinamunicipal.com.ar\/argentina\/wp-json\/wp\/v2\/users\/2"}],"replies":[{"embeddable":true,"href":"http:\/\/argentinamunicipal.com.ar\/argentina\/wp-json\/wp\/v2\/comments?post=133080"}],"version-history":[{"count":0,"href":"http:\/\/argentinamunicipal.com.ar\/argentina\/wp-json\/wp\/v2\/posts\/133080\/revisions"}],"wp:featuredmedia":[{"embeddable":true,"href":"http:\/\/argentinamunicipal.com.ar\/argentina\/wp-json\/wp\/v2\/media\/133081"}],"wp:attachment":[{"href":"http:\/\/argentinamunicipal.com.ar\/argentina\/wp-json\/wp\/v2\/media?parent=133080"}],"wp:term":[{"taxonomy":"category","embeddable":true,"href":"http:\/\/argentinamunicipal.com.ar\/argentina\/wp-json\/wp\/v2\/categories?post=133080"},{"taxonomy":"post_tag","embeddable":true,"href":"http:\/\/argentinamunicipal.com.ar\/argentina\/wp-json\/wp\/v2\/tags?post=133080"}],"curies":[{"name":"wp","href":"https:\/\/api.w.org\/{rel}","templated":true}]}}