{"id":133083,"date":"2023-01-13T05:36:23","date_gmt":"2023-01-13T08:36:23","guid":{"rendered":"http:\/\/argentinamunicipal.com.ar\/argentina\/?p=133083"},"modified":"2023-01-12T20:38:48","modified_gmt":"2023-01-12T23:38:48","slug":"el-titular-del-instituto-nacional-del-agua-alerto-por-la-preocupante-bajante-del-rio-parana","status":"publish","type":"post","link":"http:\/\/argentinamunicipal.com.ar\/argentina\/el-titular-del-instituto-nacional-del-agua-alerto-por-la-preocupante-bajante-del-rio-parana\/","title":{"rendered":"El titular del Instituto Nacional del Agua alert\u00f3 por la \u00abpreocupante\u00bb bajante del r\u00edo Paran\u00e1"},"content":{"rendered":"<p>A\u00fan cuando persiste la sequ\u00eda y el faltante de lluvias en la regi\u00f3n, la situaci\u00f3n es \u00absensiblemente mejor\u00bb que en los \u00faltimos dos a\u00f1os<\/p>\n<p>El presidente del Instituto Nacional del Agua (INA), Juan Carlos Bertoni,\u00a0advirti\u00f3 que\u00a0la situaci\u00f3n actual en el r\u00edo Paran\u00e1 \u201ces preocupante\u201d por el bajo nivel de caudal existente, pero asegur\u00f3 que es\u00a0\u201csensiblemente mejor\u201d que en los dos \u00faltimos a\u00f1os, a\u00fan cuando persiste la sequ\u00eda y el faltante de lluvias en la regi\u00f3n.<br \/>\n\u00abEn los \u00faltimos meses del a\u00f1o pasado tuvimos\u00a0una cierta recuperaci\u00f3n por algunas lluvias puntuales que se produjeron sobre la cuenca del r\u00edo Iguaz\u00fa, algo que se nota mucho en las cataratas, pero dura pocos d\u00edas\u00bb, explic\u00f3 el ingeniero en di\u00e1logo con T\u00e9lam Radio.<\/p>\n<p>Sin embargo, asegur\u00f3 que en t\u00e9rminos generales \u00abcontin\u00faa la bajante que comenz\u00f3 en marzo de 2020\u00bb ya que el volumen de agua \u00abes poco y eso no hace que la situaci\u00f3n en el Paran\u00e1 cambie\u201d.<\/p>\n<p>\u00abLo que est\u00e1 pasando ahora, desde fines de diciembre y\u00a0en lo que estamos transitando de enero, son lluvias muy d\u00e9biles, algunas se producen en Brasil, pero muy pocas\u201d, describi\u00f3 el titular del INA.<\/p>\n<p>Asimismo, agreg\u00f3 que persiste\u00a0\u00abuna tendencia de sequ\u00eda\u00bb que, por algunas semanas, mantendr\u00e1 \u00abun nivel en bajante en el r\u00edo Paran\u00e1\u00bb.<\/p>\n<p>En cuanto a un supuesto v\u00ednculo entre la bajante del r\u00edo e incendios en la zona, Bertoni sostuvo que \u00abse podr\u00eda pensar\u00bb que la situaci\u00f3n de bajante producida por la sequ\u00eda, las altas temperaturas y los vientos \u00abcontribuyen a la generaci\u00f3n y la propagaci\u00f3n de incendios\u00bb.<\/p>\n<p>Sin embargo, asever\u00f3 que \u00abson pocos\u00bb los incendios que se inician por causas naturales y que \u00abnormalmente los incendios se inician por acciones del ser humano\u201d.<\/p>\n<p>Sobre los efectos de la sostenida bajante del Paran\u00e1, el funcionario manifest\u00f3 que \u201ccuando empez\u00f3 se produjeron a lo largo de la provincia de Misiones y en algunos lugares de las provincias litorale\u00f1as problemas de extracci\u00f3n de agua porque las bombas de extracci\u00f3n quedaron en vac\u00edo\u201d.<\/p>\n<p>\u201cPero hubo una inversi\u00f3n muy importante del gobierno nacional para adecuar los sistemas de captaci\u00f3n de agua a la nueva realidad, eso pr\u00e1cticamente ya se super\u00f3\u00bb, agreg\u00f3 el ingeniero.<\/p>\n<p>Y concluy\u00f3: \u00abHoy en d\u00eda puede ocurrir que cuando bajan los niveles aumenta un poco la turbiedad del agua y hay alg\u00fan problema mayor para potabilizar el agua, la salinidad del agua\u201d.<\/p>\n<h6>Fuente: La Capital<\/h6>\n","protected":false},"excerpt":{"rendered":"<p>A\u00fan cuando persiste la sequ\u00eda y el faltante de lluvias en la regi\u00f3n, la situaci\u00f3n es \u00absensiblemente mejor\u00bb que en los \u00faltimos dos a\u00f1os<\/p>\n","protected":false},"author":2,"featured_media":133084,"comment_status":"closed","ping_status":"closed","sticky":false,"template":"","format":"standard","meta":{"footnotes":""},"categories":[2],"tags":[10],"class_list":["post-133083","post","type-post","status-publish","format-standard","has-post-thumbnail","hentry","category-informe-municipal","tag-santa-fe"],"_links":{"self":[{"href":"http:\/\/argentinamunicipal.com.ar\/argentina\/wp-json\/wp\/v2\/posts\/133083","targetHints":{"allow":["GET"]}}],"collection":[{"href":"http:\/\/argentinamunicipal.com.ar\/argentina\/wp-json\/wp\/v2\/posts"}],"about":[{"href":"http:\/\/argentinamunicipal.com.ar\/argentina\/wp-json\/wp\/v2\/types\/post"}],"author":[{"embeddable":true,"href":"http:\/\/argentinamunicipal.com.ar\/argentina\/wp-json\/wp\/v2\/users\/2"}],"replies":[{"embeddable":true,"href":"http:\/\/argentinamunicipal.com.ar\/argentina\/wp-json\/wp\/v2\/comments?post=133083"}],"version-history":[{"count":0,"href":"http:\/\/argentinamunicipal.com.ar\/argentina\/wp-json\/wp\/v2\/posts\/133083\/revisions"}],"wp:featuredmedia":[{"embeddable":true,"href":"http:\/\/argentinamunicipal.com.ar\/argentina\/wp-json\/wp\/v2\/media\/133084"}],"wp:attachment":[{"href":"http:\/\/argentinamunicipal.com.ar\/argentina\/wp-json\/wp\/v2\/media?parent=133083"}],"wp:term":[{"taxonomy":"category","embeddable":true,"href":"http:\/\/argentinamunicipal.com.ar\/argentina\/wp-json\/wp\/v2\/categories?post=133083"},{"taxonomy":"post_tag","embeddable":true,"href":"http:\/\/argentinamunicipal.com.ar\/argentina\/wp-json\/wp\/v2\/tags?post=133083"}],"curies":[{"name":"wp","href":"https:\/\/api.w.org\/{rel}","templated":true}]}}