{"id":133118,"date":"2023-01-16T06:27:37","date_gmt":"2023-01-16T09:27:37","guid":{"rendered":"http:\/\/argentinamunicipal.com.ar\/argentina\/?p=133118"},"modified":"2023-01-16T06:27:37","modified_gmt":"2023-01-16T09:27:37","slug":"primer-punto-de-cultura-en-el-sector-antartico-argentino","status":"publish","type":"post","link":"http:\/\/argentinamunicipal.com.ar\/argentina\/primer-punto-de-cultura-en-el-sector-antartico-argentino\/","title":{"rendered":"Primer Punto de Cultura en el sector Ant\u00e1rtico Argentino"},"content":{"rendered":"<p>\u201cConectando Argentinos\u201d fue el proyecto seleccionado de la 8.\u00aa convocatoria del programa \u00abPuntos de Cultura\u00bb. Se trata del primero en el Continente Ant\u00e1rtico, que busca difundir las tareas realizadas por la comunidad en la Base Esperanza.<\/p>\n<p>El Ministerio de Cultura, a trav\u00e9s del secretario de Gesti\u00f3n Cultural, Federico Prieto, hizo entrega del certificado de integrante de la Red Nacional de \u00abPuntos de Cultura\u00bb a la comunidad de Base Esperanza, seleccionada en la 8.\u00aa convocatoria desarrollada el corriente a\u00f1o. \u201cConectando Argentinos\u201d es el nombre que decidieron ponerle a la iniciativa presentada y que fue seleccionada para convertirse en el primero del sector Ant\u00e1rtico Argentino.<\/p>\n<p>En el acto estuvieron presentes la directora de Gesti\u00f3n Cultural del Ministerio de Defensa de la Naci\u00f3n, Pilar Giribone, el jefe de la Base Esperanza, Coronel Fernando Morales, y el responsable de la LRA36 Radio Nacional \u00abArc\u00e1ngel San Gabriel\u00bb, Agust\u00edn Rivas.<\/p>\n<p>Prieto afirm\u00f3 que el reconocimiento \u00abes un hito hist\u00f3rico porque por primera vez seleccionamos a un proyecto del sector Ant\u00e1rtico Argentino en Puntos de Cultura. Profundizamos as\u00ed la federalizaci\u00f3n, la territorializaci\u00f3n y el derecho de cada argentino y argentina al acceso a bienes y servicios culturales, est\u00e9 d\u00f3nde est\u00e9\u00bb. En el mismo sentido, Giribone destac\u00f3 que \u00abel objetivo de democratizar el acceso a la cultura acercando distintas propuestas a nuestros y nuestras compatriotas que viven en el continente blanco\u00bb.<\/p>\n<p>El proyecto tiene como aliados estrat\u00e9gicos a la Escuela Provincial N.\u00b0 38 de la Provincia de Tierra del Fuego en Base Esperanza y al Comando Conjunto Ant\u00e1rtico, que aportar\u00e1n recursos humanos y asesoramiento t\u00e9cnico. A su vez, la emisora LRA36 Radio Nacional Arc\u00e1ngel San Gabriel, que funciona en la misma base, participar\u00e1 de la red de instituciones que colaborar\u00e1n con esta propuesta. El objetivo es incorporar un sistema de videoconferencia para comunicarse con otras comunidades y difundir la actividad ant\u00e1rtica a todo el pa\u00eds, mediante intercambios educativos, culturales, cient\u00edficos, etc.<\/p>\n<p>Por su parte, el programa \u00abPuntos de Cultura\u00bb lleva 11 a\u00f1os de vigencia y es pionero en el cambio de paradigma de la gesti\u00f3n cultural comunitaria, apuntando a fortalecer las acciones de redes, colectivos y organizaciones de anclaje territorial. Se basa en apoyos t\u00e9cnicos y econ\u00f3micos para el sostenimiento de sus espacios y el mejoramiento de los proyectos culturales comunitarios. M\u00e1s de mil organizaciones de todo el territorio federal integran la Red Nacional de \u00abPuntos de Cultura\u00bb, a trav\u00e9s de la cual se vinculan e intercambian saberes y experiencias.<\/p>\n<h6>Fuente: Tiempo sur<\/h6>\n","protected":false},"excerpt":{"rendered":"<p>\u201cConectando Argentinos\u201d fue el proyecto seleccionado de la 8.\u00aa convocatoria del programa \u00abPuntos de Cultura\u00bb. Se trata del primero en el Continente Ant\u00e1rtico, que busca difundir las tareas realizadas por la comunidad en la Base Esperanza.<\/p>\n","protected":false},"author":2,"featured_media":133119,"comment_status":"closed","ping_status":"closed","sticky":false,"template":"","format":"standard","meta":{"footnotes":""},"categories":[2],"tags":[34],"class_list":["post-133118","post","type-post","status-publish","format-standard","has-post-thumbnail","hentry","category-informe-municipal","tag-tierra-del-fuego"],"_links":{"self":[{"href":"http:\/\/argentinamunicipal.com.ar\/argentina\/wp-json\/wp\/v2\/posts\/133118","targetHints":{"allow":["GET"]}}],"collection":[{"href":"http:\/\/argentinamunicipal.com.ar\/argentina\/wp-json\/wp\/v2\/posts"}],"about":[{"href":"http:\/\/argentinamunicipal.com.ar\/argentina\/wp-json\/wp\/v2\/types\/post"}],"author":[{"embeddable":true,"href":"http:\/\/argentinamunicipal.com.ar\/argentina\/wp-json\/wp\/v2\/users\/2"}],"replies":[{"embeddable":true,"href":"http:\/\/argentinamunicipal.com.ar\/argentina\/wp-json\/wp\/v2\/comments?post=133118"}],"version-history":[{"count":0,"href":"http:\/\/argentinamunicipal.com.ar\/argentina\/wp-json\/wp\/v2\/posts\/133118\/revisions"}],"wp:featuredmedia":[{"embeddable":true,"href":"http:\/\/argentinamunicipal.com.ar\/argentina\/wp-json\/wp\/v2\/media\/133119"}],"wp:attachment":[{"href":"http:\/\/argentinamunicipal.com.ar\/argentina\/wp-json\/wp\/v2\/media?parent=133118"}],"wp:term":[{"taxonomy":"category","embeddable":true,"href":"http:\/\/argentinamunicipal.com.ar\/argentina\/wp-json\/wp\/v2\/categories?post=133118"},{"taxonomy":"post_tag","embeddable":true,"href":"http:\/\/argentinamunicipal.com.ar\/argentina\/wp-json\/wp\/v2\/tags?post=133118"}],"curies":[{"name":"wp","href":"https:\/\/api.w.org\/{rel}","templated":true}]}}