{"id":133137,"date":"2023-01-17T05:39:16","date_gmt":"2023-01-17T08:39:16","guid":{"rendered":"http:\/\/argentinamunicipal.com.ar\/argentina\/?p=133137"},"modified":"2023-01-16T12:42:07","modified_gmt":"2023-01-16T15:42:07","slug":"santa-fe-tendra-el-primer-jardin-de-infantes-pospandemia-de-latinoamerica","status":"publish","type":"post","link":"http:\/\/argentinamunicipal.com.ar\/argentina\/santa-fe-tendra-el-primer-jardin-de-infantes-pospandemia-de-latinoamerica\/","title":{"rendered":"Santa Fe tendr\u00e1 el primer jard\u00edn de infantes \u00abpospandemia\u00bb de Latinoam\u00e9rica"},"content":{"rendered":"<p>Se trata de uno de los veinte edificios educativos en ejecuci\u00f3n bajo este nuevo paradigma arquitect\u00f3nico. Supone el uso extensivo e intensivo del edificio, flexibilidad funcional, ambientes saludables y una construcci\u00f3n eficiente.<\/p>\n<p>Apuntalar y desarrollar nuevas infraestructuras en educaci\u00f3n es una de las prioridades centrales desde el inicio de la administraci\u00f3n del gobernador santafesino Omar Perotti. Y con el desarrollo de las obras, se van cumplimentando una serie de pasos para avanzar con el plan trazado en todo el territorio provincial.<\/p>\n<p>En la provincia hay 14 jardines y 6 escuelas en ejecuci\u00f3n construidos bajo el nuevo paradigma arquitect\u00f3nico denominado \u00abpospandemia\u00bb, que se rigen por principios sustentables, como el uso extensivo e intensivo del edificio, flexibilidad funcional, ambientes saludables y construcci\u00f3n eficiente.<\/p>\n<p>En este contexto, la ministra de Infraestructura, Silvina Frana, valor\u00f3 la decisi\u00f3n pol\u00edtica del gobernador Omar Perotti de \u201cinstarnos a buscar respuestas ante los nuevos desaf\u00edos que nos propuso la pandemia, por lo que trabajamos en repensar las nuevas espacialidades educativas, con ambientes saludables, ventilados y con la mejor calidad para nuestras infancias\u201d.<\/p>\n<p>Adem\u00e1s, agreg\u00f3 que \u201cel jard\u00edn de Infantes N\u00ba251 Armon\u00eda Cadaveira de Pedrocco, de San Gregorio, ser\u00e1 el primero en finalizarse, a la vez que tambi\u00e9n tenemos avanzados los jardines de Funes, Fray Luis Beltr\u00e1n, Romang y Santa Rosa de Calchines\u201d.<\/p>\n<p>La ministra tambi\u00e9n destac\u00f3 que \u201clleva buen ritmo la escuela secundaria de Rold\u00e1n, una obra que ser\u00e1 emblem\u00e1tica para la localidad y la regi\u00f3n\u201d. El presidente comunal de San Gregorio. Lisandro Travieso, asegur\u00f3 que \u201cel jard\u00edn es una obra impresionante. Creo que hace m\u00e1s de 40 a\u00f1os que no se hacen obras trascendentales para la comuna, fundamentalmente en lo que respecta a educaci\u00f3n. Nosotros estamos sumamente agradecidos con el gobernador Omar Perotti por haber pensado en las necesidades de San Gregorio, una comunidad en crecimiento donde la provincia est\u00e1 ejecutando obras claves para acompa\u00f1ar ese crecimiento\u201d, manifest\u00f3.<\/p>\n<p>Y a\u00f1adi\u00f3: \u201cAdem\u00e1s del jard\u00edn, se est\u00e1n construyendo redes cloacales, ya que no contamos con ese servicio; y con programas provinciales y nacionales se est\u00e1n ejecutando m\u00e1s de 80 viviendas\u201d, concluy\u00f3 Travieso.<\/p>\n<p><strong>Un sue\u00f1o hecho realidad<\/strong><br \/>\nPor su parte, la secretaria de Arquitectura y Obras P\u00fablicas, Leticia Battaglia, explic\u00f3 que \u201ceste es el \u00fanico edificio p\u00fablico de nivel inicial que hay en la localidad, y estar observando su finalizaci\u00f3n es un sue\u00f1o hecho realidad, porque queremos que los ni\u00f1os crezcan y aprendan en lugares seguros y saludables\u201d, dijo.<\/p>\n<p>\u201cEst\u00e1n inspirados en el m\u00e9todo Montessori y Tonucci, quienes repensaron los espacios y modelos educativos y proyectaron metodolog\u00edas pedag\u00f3gicas innovadoras que se adaptan a nuestros tiempos. La intenci\u00f3n es plasmar un nuevo paradigma arquitect\u00f3nico que sea amigable con el medioambiente. Cada una de estas arquitecturas tiene su particularidad, porque se respeta mucho el ambiente donde se inserta, el entorno urbano, el barrio, la comunidad, los servicios\u201d, asegur\u00f3 Battaglia.<\/p>\n<p>En general, los jardines proyectados constan de una superficie de aproximadamente 660 m2. Se desarrollan en planta baja con espacios destinados al nivel inicial con secciones para 3, 4 y 5 a\u00f1os. La capacidad es para 80 ni\u00f1os por turno.<\/p>\n<p>El acceso al jard\u00edn se produce a trav\u00e9s de las veredas perimetrales con acceso para personas discapacitadas. Cuentan con 4 aulas con sanitarios privados, office y equipamiento; sal\u00f3n de usos m\u00faltiples con un rol protag\u00f3nico frente al ingreso, con un frente totalmente abierto al patio general. Sector administrativo, porter\u00eda, vigilancia, sanitarios exteriores. Todos los recorridos son accesibles y sin barreras arquitect\u00f3nicas.<\/p>\n<p>En funci\u00f3n de este sistema constructivo se ordenan y modulan los espacios, permitiendo la flexibilidad requerida y una r\u00e1pida y eficiente ejecuci\u00f3n, minimizando los tiempos de obra.<\/p>\n<p>Asimismo, se destaca el posicionamiento frente al consumo energ\u00e9tico desde dos aspectos: el primero minimizar al m\u00e1ximo el consumo de recursos, en especial del agua y de energ\u00eda; y el segundo, aprovechar los recursos naturales y energ\u00eda renovable.<\/p>\n<p><strong>Un espacio amplio, c\u00f3modo y moderno<\/strong><br \/>\nCabe recordar que, en septiembre de 2021, la ministra de Educaci\u00f3n, Adriana Cantero, encabez\u00f3 el acto de apertura de ofertas para la construcci\u00f3n del nuevo edificio de la instituci\u00f3n, con un presupuesto oficial de presupuesto oficial $107.987.058. Tambi\u00e9n, en la oportunidad se present\u00f3 el proyecto del edificio del Jard\u00edn de Infantes 251, que es el \u00fanico establecimiento educativo de Educaci\u00f3n P\u00fablica de nivel inicial en la localidad y funciona desde hace 22 a\u00f1os en instalaciones prestadas y luego cedidas, donde se habilitaron, temporariamente, salas para dar clases en espacios muy reducidos donde asisten m\u00e1s de 20 ni\u00f1as y ni\u00f1os por secci\u00f3n.<\/p>\n<p>En octubre del 2022, las ministras Cantero y Frana anunciaron la construcci\u00f3n de siete nuevos edificios educativos por m\u00e1s de $3.400 millones, en el marco de un plan Estrat\u00e9gico de Infraestructura Educativa que se desarrolla en toda la provincia con el objetivo de mejorar arquitect\u00f3nicamente los espacios educativos para el siglo XXI y que acompa\u00f1en las nuevas metodolog\u00edas pedag\u00f3gicas y ambientales.<\/p>\n<p>En este sentido se inform\u00f3 que, entre obras terminadas, en ejecuci\u00f3n y a iniciar, se superan los $1.800 millones de inversi\u00f3n (obras de mejoras y refacciones edilicias) y se estima licitar a la brevedad 19 obras m\u00e1s por un monto que asciende a los $6.000 millones, estimando una inversi\u00f3n total de infraestructura en materia educativa que superar\u00e1 los $17.000 millones.<\/p>\n<p>Esta pol\u00edtica se enmarca en un proceso en el que el sistema educativo, tal como detall\u00f3 la ministra Cantero, \u201cviene en franca expansi\u00f3n, creciendo no s\u00f3lo en el incremento de matr\u00edcula escolar que aumenta a\u00f1o a a\u00f1o, lo cual es un hecho auspicioso porque venimos de dos a\u00f1os de pandemia, sino que tambi\u00e9n venimos mejorando muchos indicadores internos como son la tasa de graduaci\u00f3n, la tasa de promoci\u00f3n y eso implica tambi\u00e9n una necesidad de planificar m\u00e1s espacios\u201d.<\/p>\n<h6>Fuente: El Litoral<\/h6>\n","protected":false},"excerpt":{"rendered":"<p>Se trata de uno de los veinte edificios educativos en ejecuci\u00f3n bajo este nuevo paradigma arquitect\u00f3nico. Supone el uso extensivo e intensivo del edificio, flexibilidad funcional, ambientes saludables y una construcci\u00f3n eficiente.<\/p>\n","protected":false},"author":2,"featured_media":133138,"comment_status":"closed","ping_status":"closed","sticky":false,"template":"","format":"standard","meta":{"footnotes":""},"categories":[2],"tags":[10],"class_list":["post-133137","post","type-post","status-publish","format-standard","has-post-thumbnail","hentry","category-informe-municipal","tag-santa-fe"],"_links":{"self":[{"href":"http:\/\/argentinamunicipal.com.ar\/argentina\/wp-json\/wp\/v2\/posts\/133137","targetHints":{"allow":["GET"]}}],"collection":[{"href":"http:\/\/argentinamunicipal.com.ar\/argentina\/wp-json\/wp\/v2\/posts"}],"about":[{"href":"http:\/\/argentinamunicipal.com.ar\/argentina\/wp-json\/wp\/v2\/types\/post"}],"author":[{"embeddable":true,"href":"http:\/\/argentinamunicipal.com.ar\/argentina\/wp-json\/wp\/v2\/users\/2"}],"replies":[{"embeddable":true,"href":"http:\/\/argentinamunicipal.com.ar\/argentina\/wp-json\/wp\/v2\/comments?post=133137"}],"version-history":[{"count":0,"href":"http:\/\/argentinamunicipal.com.ar\/argentina\/wp-json\/wp\/v2\/posts\/133137\/revisions"}],"wp:featuredmedia":[{"embeddable":true,"href":"http:\/\/argentinamunicipal.com.ar\/argentina\/wp-json\/wp\/v2\/media\/133138"}],"wp:attachment":[{"href":"http:\/\/argentinamunicipal.com.ar\/argentina\/wp-json\/wp\/v2\/media?parent=133137"}],"wp:term":[{"taxonomy":"category","embeddable":true,"href":"http:\/\/argentinamunicipal.com.ar\/argentina\/wp-json\/wp\/v2\/categories?post=133137"},{"taxonomy":"post_tag","embeddable":true,"href":"http:\/\/argentinamunicipal.com.ar\/argentina\/wp-json\/wp\/v2\/tags?post=133137"}],"curies":[{"name":"wp","href":"https:\/\/api.w.org\/{rel}","templated":true}]}}