{"id":133155,"date":"2023-01-17T05:02:28","date_gmt":"2023-01-17T08:02:28","guid":{"rendered":"http:\/\/argentinamunicipal.com.ar\/argentina\/?p=133155"},"modified":"2023-01-16T13:04:53","modified_gmt":"2023-01-16T16:04:53","slug":"la-zona-franca-zapala-esta-lista-para-funcionar","status":"publish","type":"post","link":"http:\/\/argentinamunicipal.com.ar\/argentina\/la-zona-franca-zapala-esta-lista-para-funcionar\/","title":{"rendered":"La Zona Franca Zapala est\u00e1 lista para funcionar"},"content":{"rendered":"<p>Se iniciaron las gestiones de solicitud para su habilitaci\u00f3n provisoria ante la Aduana de Neuqu\u00e9n. Afirmaron que las condiciones generales est\u00e1n cumplidas.<\/p>\n<p>La subsecretaria de Industria y presidenta del Comit\u00e9 de Vigilancia de Zona Franca Zapala (ZFZ), Claudia Afione, firm\u00f3 la solicitud de habilitaci\u00f3n provisoria del r\u00e9gimen de Zona Franca ante la direcci\u00f3n general de Aduanas de la sede Neuqu\u00e9n capital. Cuando sea aprobada, el predio quedar\u00e1 listo para funcionar.<\/p>\n<p>\u201cLas condiciones generales de control de ingreso y egreso de mercader\u00edas est\u00e1n cumplidas conforme a lo requerido por la norma\u201d, remarc\u00f3 Afione.<\/p>\n<p>Detall\u00f3 que se encuentran operativos los portones de ingreso, la balanza de pesaje, las instalaciones de la Zona Primaria Aduanera y el sistema de c\u00e1maras de vigilancia e ingreso.<\/p>\n<p>En tanto,\u00a0se encuentra aprobado y publicado en el Bolet\u00edn Oficial el Reglamento Interno de Funcionamiento; la seguridad ya fue contratada a la Polic\u00eda Federal como tambi\u00e9n el sistema de retiro de residuos acordado con la Municipalidad de Zapala.<\/p>\n<p>Desde el comienzo de ejecuci\u00f3n de las obras a cargo del concesionario en 2021, en la Zona Franca Zapala se llevan invertidos 2.835.796,89 d\u00f3lares y se ha empleado de manera directa e indirecta a unas 100 personas. De los rubros ligados a la ejecuci\u00f3n de obras civiles, casi la totalidad de la mano de obra empleada es local.<\/p>\n<p>Dentro de las acciones que potencian a la Zona Franca Zapala, es importante destacar que se encuentra a la firma el decreto reglamentario de la Ley 3244 del R\u00e9gimen de Promoci\u00f3n de Actividades Econ\u00f3micas, la cual\u00a0otorgar\u00e1 beneficios fiscales en Ingresos Brutos e Impuesto de Sellos para quienes est\u00e9n radicados all\u00ed.<\/p>\n<p>A comienzos de este a\u00f1o se realiz\u00f3 un encuentro de trabajo del Comit\u00e9 de Vigilancia para tratar tem\u00e1ticas que fortalecen el desarrollo de la Zona Franca y poner en valor la iniciaci\u00f3n del tr\u00e1mite ante la Aduana.<\/p>\n<p>\u201cHoy en la ZFZ se est\u00e1 trabajando en la etapa que viene a concluir la infraestructura de servicios, lo que va a permitir impulsar la reactivaci\u00f3n econ\u00f3mica y el desarrollo laboral y social, tanto a nivel provincial como local\u201d, finaliz\u00f3 la subsecretaria de Industria y presidenta del Comit\u00e9 de Vigilancia de Zona Franca Zapala.<\/p>\n<h6>Fuente: La Ma\u00f1ana Neuqu\u00e9n<\/h6>\n","protected":false},"excerpt":{"rendered":"<p>Se iniciaron las gestiones de solicitud para su habilitaci\u00f3n provisoria ante la Aduana de Neuqu\u00e9n. Afirmaron que las condiciones generales est\u00e1n cumplidas.<\/p>\n","protected":false},"author":2,"featured_media":133156,"comment_status":"closed","ping_status":"closed","sticky":false,"template":"","format":"standard","meta":{"footnotes":""},"categories":[2],"tags":[23],"class_list":["post-133155","post","type-post","status-publish","format-standard","has-post-thumbnail","hentry","category-informe-municipal","tag-neuquen"],"_links":{"self":[{"href":"http:\/\/argentinamunicipal.com.ar\/argentina\/wp-json\/wp\/v2\/posts\/133155","targetHints":{"allow":["GET"]}}],"collection":[{"href":"http:\/\/argentinamunicipal.com.ar\/argentina\/wp-json\/wp\/v2\/posts"}],"about":[{"href":"http:\/\/argentinamunicipal.com.ar\/argentina\/wp-json\/wp\/v2\/types\/post"}],"author":[{"embeddable":true,"href":"http:\/\/argentinamunicipal.com.ar\/argentina\/wp-json\/wp\/v2\/users\/2"}],"replies":[{"embeddable":true,"href":"http:\/\/argentinamunicipal.com.ar\/argentina\/wp-json\/wp\/v2\/comments?post=133155"}],"version-history":[{"count":0,"href":"http:\/\/argentinamunicipal.com.ar\/argentina\/wp-json\/wp\/v2\/posts\/133155\/revisions"}],"wp:featuredmedia":[{"embeddable":true,"href":"http:\/\/argentinamunicipal.com.ar\/argentina\/wp-json\/wp\/v2\/media\/133156"}],"wp:attachment":[{"href":"http:\/\/argentinamunicipal.com.ar\/argentina\/wp-json\/wp\/v2\/media?parent=133155"}],"wp:term":[{"taxonomy":"category","embeddable":true,"href":"http:\/\/argentinamunicipal.com.ar\/argentina\/wp-json\/wp\/v2\/categories?post=133155"},{"taxonomy":"post_tag","embeddable":true,"href":"http:\/\/argentinamunicipal.com.ar\/argentina\/wp-json\/wp\/v2\/tags?post=133155"}],"curies":[{"name":"wp","href":"https:\/\/api.w.org\/{rel}","templated":true}]}}