{"id":133161,"date":"2023-01-17T05:11:23","date_gmt":"2023-01-17T08:11:23","guid":{"rendered":"http:\/\/argentinamunicipal.com.ar\/argentina\/?p=133161"},"modified":"2023-01-16T13:14:55","modified_gmt":"2023-01-16T16:14:55","slug":"como-sera-la-aplicacion-digital-del-nuevo-sistema-de-transporte-publico-de-neuquen","status":"publish","type":"post","link":"http:\/\/argentinamunicipal.com.ar\/argentina\/como-sera-la-aplicacion-digital-del-nuevo-sistema-de-transporte-publico-de-neuquen\/","title":{"rendered":"\u00bfC\u00f3mo ser\u00e1 la aplicaci\u00f3n digital del nuevo sistema de transporte p\u00fablico de Neuqu\u00e9n?"},"content":{"rendered":"<p>El dispositivo llamado \u00abCole\u00bb, permitir\u00e1 programar viajes con precisi\u00f3n al brindar informaci\u00f3n en tiempo real y alternativas de recorridos.<\/p>\n<p>El nuevo sistema de transporte p\u00fablico de Neuqu\u00e9n que se pondr\u00e1 en marcha a partir del 1\u00b0 de febrero a las 5 de la ma\u00f1ana contar\u00e1 con una aplicaci\u00f3n digital, llamada -tambi\u00e9n- Cole.<\/p>\n<p>Seg\u00fan anticiparon desde la Municipalidad con un video promocional, con la app se podr\u00e1 \u00abprogramar los viajes, saber a qu\u00e9 hora salir y a qu\u00e9 hora llegar\u00e1s a tu lugar de destino\u00bb.<\/p>\n<p>La aplicaci\u00f3n, que podr\u00e1 ser utilizada con tel\u00e9fonos celulares con sistema iOS y Android, ser\u00e1 objeto de presentaci\u00f3n puntual en los pr\u00f3ximos d\u00edas, dijo el secretario de Movilidad y Servicios al Ciudadano de la municipalidad, Santiago Mor\u00e1n, antes de dar m\u00e1s detalles respecto a la herramienta.<\/p>\n<p>\u00abSe est\u00e1 cargando en estos momentos los recorridos de las l\u00edneas de colectivos, pero en unos d\u00edas m\u00e1s se podr\u00e1 bajar\u00bb, se\u00f1al\u00f3 el funcionario, antes de remarcar que desde la municipalidad \u00abhabr\u00e1 una comunicaci\u00f3n muy fuerte a lo largo de todo el a\u00f1o\u00bb respecto al nuevo sistema de transporte p\u00fablico dado que llevar\u00e1 un tiempo que los usuarios se informen y adapten a la nueva modalidad.<\/p>\n<p>Una de las principales caracter\u00edsticas del dispositivo es que registrar\u00e1 en tiempo real el recorrido de cada unidad, por lo que los usuarios podr\u00e1n conocer con precisi\u00f3n el tiempo de espera en cada parada y las frecuencias.<\/p>\n<p>Por otro lado, quienes precisen trasladarse podr\u00e1n consultar el lugar de destino, de esta forma la app indicar\u00e1 qu\u00e9 l\u00edneas circulan por en las inmediaciones de ese sector, especificando el recorrido de cada l\u00ednea sobre un mapa. \u00abAdem\u00e1s vas a poder guardar tus paradas favoritas, tener recordatorios de tus viajes frecuentes \u00ab, adelant\u00f3 la voz en off de una locutora en el video.<\/p>\n<p>La aplicaci\u00f3n Cole, cuenta asimismo con un apartado para \u00abatenci\u00f3n al usuario\u00bb, en el que los pasajeros podr\u00e1n elevar quejas por el servicio. Un c\u00f3digo QR en unidades y otros sistemas los usuarios tendr\u00e1n l\u00ednea directa para hacer sugerencias y reclamos y sugerencias.<\/p>\n<p>Con la promesa de brindar una mejor cobertura territorial, frecuencia y conectividad, la nueva red de colectivos se pondr\u00e1 en marcha a partir del 1\u00b0 de febrero con 180 unidades en la calle, 120 correspondientes a KoKo SRL y Expreso Tigre Iguaz\u00fa SA, empresas que prestar\u00e1 el servicio por 10 a\u00f1os. Dicha flota ser\u00e1 distribuida en 30 l\u00edneas. Cabe destacar que hasta el momento s\u00f3lo circulaban cinco.<\/p>\n<p>A las l\u00edneas actuales se le suman la 10, 11, 19, 15A y 20. De las vigentes, la antigua 516, ser\u00e1 la l\u00ednea 16. Los barrios y zonas que tendr\u00e1n cobertura son el sector El mirador, el Choconcito y el barrio Intercultural de Colonia Nueva Esperanza; sector Los Hornos y Bardas Coloradas; calle R\u00edo Colorado en Valentina Norte conexi\u00f3n con Plottier; y el Parque Agreste en Rinc\u00f3n del R\u00edo, junto con Rinc\u00f3n de Emilio.<\/p>\n<p>Habr\u00e1 nuevas l\u00edneas y mayor cobertura en Confluencia Rural, calle Lan\u00edn a la altura de 127 hect\u00e1reas; calle Ra\u00fal Soldi y Los Para\u00edsos (continuaci\u00f3n de Huilen) hacia Parque Las Bardas.<\/p>\n<p>Se incorporar\u00e1n como corredores la calle 1\u00b0 de Enero, atravesando Cuenca XV, XVI, HIBePa, Gran Neuqu\u00e9n Norte y Melipal; y se utilizar\u00e1 tambi\u00e9n la calle Atahualpa Yupanqui desde Bardas Soleadas hasta Terrazas del Neuqu\u00e9n. Tambi\u00e9n se mantendr\u00e1 el servicio a Balsa Las Perlas, ubicado en el ejido de la provincia de R\u00edo Negro.<\/p>\n<p>Los veh\u00edculos, con piso bajo y rampas de acceso para personas con movilidad reducida, est\u00e1n equipados con aire acondicionado, calefacci\u00f3n, carteler\u00eda led, c\u00e1maras de seguridad y GPS que permitir\u00e1 saber en tiempo real por d\u00f3nde est\u00e1n circulando, garantizando as\u00ed la previsibilidad horaria en las paradas a trav\u00e9s de la app.<\/p>\n<p>La tarjeta SUBE seguir\u00e1 en vigencia como sistema de pago. Los colectivos tendr\u00e1n validadoras que har\u00e1 m\u00e1s simple la carga virtual, mediante carga por homebanking o billeteras virtuales tipo Mercado Pago. De esta manera, la carga podr\u00e1 efectuarse en la unidad sin necesidad de dirigirse a una Terminal Autom\u00e1tica Sube (TAS).<\/p>\n<h6>Fuente: La Ma\u00f1ana Neuqu\u00e9n<\/h6>\n","protected":false},"excerpt":{"rendered":"<p>El dispositivo llamado \u00abCole\u00bb, permitir\u00e1 programar viajes con precisi\u00f3n al brindar informaci\u00f3n en tiempo real y alternativas de recorridos.<\/p>\n","protected":false},"author":2,"featured_media":133162,"comment_status":"closed","ping_status":"closed","sticky":false,"template":"","format":"standard","meta":{"footnotes":""},"categories":[2],"tags":[23],"class_list":["post-133161","post","type-post","status-publish","format-standard","has-post-thumbnail","hentry","category-informe-municipal","tag-neuquen"],"_links":{"self":[{"href":"http:\/\/argentinamunicipal.com.ar\/argentina\/wp-json\/wp\/v2\/posts\/133161","targetHints":{"allow":["GET"]}}],"collection":[{"href":"http:\/\/argentinamunicipal.com.ar\/argentina\/wp-json\/wp\/v2\/posts"}],"about":[{"href":"http:\/\/argentinamunicipal.com.ar\/argentina\/wp-json\/wp\/v2\/types\/post"}],"author":[{"embeddable":true,"href":"http:\/\/argentinamunicipal.com.ar\/argentina\/wp-json\/wp\/v2\/users\/2"}],"replies":[{"embeddable":true,"href":"http:\/\/argentinamunicipal.com.ar\/argentina\/wp-json\/wp\/v2\/comments?post=133161"}],"version-history":[{"count":0,"href":"http:\/\/argentinamunicipal.com.ar\/argentina\/wp-json\/wp\/v2\/posts\/133161\/revisions"}],"wp:featuredmedia":[{"embeddable":true,"href":"http:\/\/argentinamunicipal.com.ar\/argentina\/wp-json\/wp\/v2\/media\/133162"}],"wp:attachment":[{"href":"http:\/\/argentinamunicipal.com.ar\/argentina\/wp-json\/wp\/v2\/media?parent=133161"}],"wp:term":[{"taxonomy":"category","embeddable":true,"href":"http:\/\/argentinamunicipal.com.ar\/argentina\/wp-json\/wp\/v2\/categories?post=133161"},{"taxonomy":"post_tag","embeddable":true,"href":"http:\/\/argentinamunicipal.com.ar\/argentina\/wp-json\/wp\/v2\/tags?post=133161"}],"curies":[{"name":"wp","href":"https:\/\/api.w.org\/{rel}","templated":true}]}}