{"id":133164,"date":"2023-01-17T05:30:46","date_gmt":"2023-01-17T08:30:46","guid":{"rendered":"http:\/\/argentinamunicipal.com.ar\/argentina\/?p=133164"},"modified":"2023-01-16T19:57:07","modified_gmt":"2023-01-16T22:57:07","slug":"la-municipalidad-de-parana-dispuso-un-aumento-salarial-a-los-trabajadores","status":"publish","type":"post","link":"http:\/\/argentinamunicipal.com.ar\/argentina\/la-municipalidad-de-parana-dispuso-un-aumento-salarial-a-los-trabajadores\/","title":{"rendered":"La Municipalidad de Paran\u00e1 dispuso un aumento salarial a los trabajadores"},"content":{"rendered":"<p>El intendente Bahl anunci\u00f3 que se dispuso un aumento en los sueldos a los municipales de la capital entrerriana.<\/p>\n<p>El intendente de Paran\u00e1, Ad\u00e1n\u00a0Bahl\u00a0inform\u00f3 Ejecutivo que se dispuso un\u00a0aumento\u00a0en los sueldos de los trabajadores\u00a0municipales, que ser\u00e1 abonado en el mes de enero.<\/p>\n<p>Cumpliendo el compromiso asumido, el Ejecutivo municipal defini\u00f3 un aumento salarial que contempla la inflaci\u00f3n y la supera en 5 puntos. De esta manera el incremento salarial anual asciende a 99,8%, con una inflaci\u00f3n en el mismo per\u00edodo que fue del 94,8%. El porcentaje de aumento se cobrar\u00e1 con los sueldos de enero.<\/p>\n<p>El intendente Ad\u00e1n Bahl hizo el anuncio este lunes. \u201cSignifica un recupero claro y concreto de cinco puntos por sobre la inflaci\u00f3n anual para los sueldos del empleado municipal\u00bb, dijo y agreg\u00f3: \u00abImplica honrar nuestro compromiso asumido con los trabajadores y adem\u00e1s reconocer su esfuerzo para seguir transformando a la ciudad\u201d.<\/p>\n<p>Por \u00faltimo, el presidente municipal indic\u00f3 que el objetivo en la paritaria de este a\u00f1o es que ese porcentaje de recupero \u00absea significativamente mayor. Lo vamos a hacer en la reuni\u00f3n que tenemos con los gremios y que vamos a convocar en los pr\u00f3ximas d\u00edas\u00bb.<\/p>\n<h6>Fuente: Uno<\/h6>\n","protected":false},"excerpt":{"rendered":"<p>El intendente Bahl anunci\u00f3 que se dispuso un aumento en los sueldos a los municipales de la capital entrerriana.<\/p>\n","protected":false},"author":2,"featured_media":133165,"comment_status":"closed","ping_status":"closed","sticky":false,"template":"","format":"standard","meta":{"footnotes":""},"categories":[7],"tags":[17],"class_list":["post-133164","post","type-post","status-publish","format-standard","has-post-thumbnail","hentry","category-informe-sindical","tag-entre-rios"],"_links":{"self":[{"href":"http:\/\/argentinamunicipal.com.ar\/argentina\/wp-json\/wp\/v2\/posts\/133164","targetHints":{"allow":["GET"]}}],"collection":[{"href":"http:\/\/argentinamunicipal.com.ar\/argentina\/wp-json\/wp\/v2\/posts"}],"about":[{"href":"http:\/\/argentinamunicipal.com.ar\/argentina\/wp-json\/wp\/v2\/types\/post"}],"author":[{"embeddable":true,"href":"http:\/\/argentinamunicipal.com.ar\/argentina\/wp-json\/wp\/v2\/users\/2"}],"replies":[{"embeddable":true,"href":"http:\/\/argentinamunicipal.com.ar\/argentina\/wp-json\/wp\/v2\/comments?post=133164"}],"version-history":[{"count":0,"href":"http:\/\/argentinamunicipal.com.ar\/argentina\/wp-json\/wp\/v2\/posts\/133164\/revisions"}],"wp:featuredmedia":[{"embeddable":true,"href":"http:\/\/argentinamunicipal.com.ar\/argentina\/wp-json\/wp\/v2\/media\/133165"}],"wp:attachment":[{"href":"http:\/\/argentinamunicipal.com.ar\/argentina\/wp-json\/wp\/v2\/media?parent=133164"}],"wp:term":[{"taxonomy":"category","embeddable":true,"href":"http:\/\/argentinamunicipal.com.ar\/argentina\/wp-json\/wp\/v2\/categories?post=133164"},{"taxonomy":"post_tag","embeddable":true,"href":"http:\/\/argentinamunicipal.com.ar\/argentina\/wp-json\/wp\/v2\/tags?post=133164"}],"curies":[{"name":"wp","href":"https:\/\/api.w.org\/{rel}","templated":true}]}}