{"id":133186,"date":"2023-01-18T05:32:05","date_gmt":"2023-01-18T08:32:05","guid":{"rendered":"http:\/\/argentinamunicipal.com.ar\/argentina\/?p=133186"},"modified":"2023-01-17T06:33:31","modified_gmt":"2023-01-17T09:33:31","slug":"bariloche-tendra-un-memorial-multiespacio-de-malvinas","status":"publish","type":"post","link":"http:\/\/argentinamunicipal.com.ar\/argentina\/bariloche-tendra-un-memorial-multiespacio-de-malvinas\/","title":{"rendered":"Bariloche tendr\u00e1 un Memorial Multiespacio de Malvinas"},"content":{"rendered":"<p>La gobernadora Carreras anunci\u00f3 que el 24 de febrero se conocer\u00e1n las ofertas para la construcci\u00f3n del Memorial Multiespacio de Malvinas en San Carlos de Bariloche.<\/p>\n<p>El edificio se emplazar\u00e1 sobre Avenida Juan Manuel de Rosas, entre French y Am\u00e9rico Panozzi, y de cara al lago Nahuel Huapi. Contar\u00e1 con un espacio central para exposiciones, conferencias y difusi\u00f3n de informaci\u00f3n vinculada a la historia de las islas.<\/p>\n<p>En total, los trabajos significar\u00e1n una inversi\u00f3n de $177.951.812. Tendr\u00e1n caracter\u00edsticas polifuncionales, permitiendo su uso como espacio de encuentro social.<\/p>\n<p>Asimismo, dispondr\u00e1 de una explanada exterior a modo de plaza seca con la posibilidad de exponer elementos conmemorativos y simb\u00f3licos, y generar recorridos y espacios abiertos para toda la comunidad.<\/p>\n<p>Contar\u00e1 con dependencias administrativas y n\u00facleos de servicios complementarios, tales como sanitarios, office, dep\u00f3sitos y sala de m\u00e1quinas. La superficie total a construir es de 351,02 m2.<\/p>\n<h6>Fuente: ADN<\/h6>\n","protected":false},"excerpt":{"rendered":"<p>La gobernadora Carreras anunci\u00f3 que el 24 de febrero se conocer\u00e1n las ofertas para la construcci\u00f3n del Memorial Multiespacio de Malvinas en San Carlos de Bariloche.<\/p>\n","protected":false},"author":2,"featured_media":133187,"comment_status":"closed","ping_status":"closed","sticky":false,"template":"","format":"standard","meta":{"footnotes":""},"categories":[2],"tags":[11],"class_list":["post-133186","post","type-post","status-publish","format-standard","has-post-thumbnail","hentry","category-informe-municipal","tag-rio-negro"],"_links":{"self":[{"href":"http:\/\/argentinamunicipal.com.ar\/argentina\/wp-json\/wp\/v2\/posts\/133186","targetHints":{"allow":["GET"]}}],"collection":[{"href":"http:\/\/argentinamunicipal.com.ar\/argentina\/wp-json\/wp\/v2\/posts"}],"about":[{"href":"http:\/\/argentinamunicipal.com.ar\/argentina\/wp-json\/wp\/v2\/types\/post"}],"author":[{"embeddable":true,"href":"http:\/\/argentinamunicipal.com.ar\/argentina\/wp-json\/wp\/v2\/users\/2"}],"replies":[{"embeddable":true,"href":"http:\/\/argentinamunicipal.com.ar\/argentina\/wp-json\/wp\/v2\/comments?post=133186"}],"version-history":[{"count":0,"href":"http:\/\/argentinamunicipal.com.ar\/argentina\/wp-json\/wp\/v2\/posts\/133186\/revisions"}],"wp:featuredmedia":[{"embeddable":true,"href":"http:\/\/argentinamunicipal.com.ar\/argentina\/wp-json\/wp\/v2\/media\/133187"}],"wp:attachment":[{"href":"http:\/\/argentinamunicipal.com.ar\/argentina\/wp-json\/wp\/v2\/media?parent=133186"}],"wp:term":[{"taxonomy":"category","embeddable":true,"href":"http:\/\/argentinamunicipal.com.ar\/argentina\/wp-json\/wp\/v2\/categories?post=133186"},{"taxonomy":"post_tag","embeddable":true,"href":"http:\/\/argentinamunicipal.com.ar\/argentina\/wp-json\/wp\/v2\/tags?post=133186"}],"curies":[{"name":"wp","href":"https:\/\/api.w.org\/{rel}","templated":true}]}}