{"id":133192,"date":"2023-01-18T04:07:39","date_gmt":"2023-01-18T07:07:39","guid":{"rendered":"http:\/\/argentinamunicipal.com.ar\/argentina\/?p=133192"},"modified":"2023-01-17T20:08:54","modified_gmt":"2023-01-17T23:08:54","slug":"barrios-populares-rionegrinos-regularizan-servicios-basicos","status":"publish","type":"post","link":"http:\/\/argentinamunicipal.com.ar\/argentina\/barrios-populares-rionegrinos-regularizan-servicios-basicos\/","title":{"rendered":"Barrios populares rionegrinos regularizan servicios b\u00e1sicos"},"content":{"rendered":"<p>Se trata de una inversi\u00f3n superior a los 2.251 millones de pesos que se ejecutan en el marco del \u201cPrograma de Obras Tempranas\u201d, financiado por Naci\u00f3n, y beneficiando a 5 mil familias de 19 barrios populares.<\/p>\n<p>Las localidades alcanzadas hasta el momento por el plan de regularizaci\u00f3n y urbanizaci\u00f3n son Allen, Bariloche, Cipolletti, El Bols\u00f3n, San Antonio Oeste y Viedma, con la posibilidad de extender la cobertura.<\/p>\n<p>En R\u00edo Negro, la articulaci\u00f3n de las inversiones es encabezada por la Secretar\u00eda de Energ\u00eda provincial, desde donde se coordina y hace el seguimiento de las inversiones para la urbanizaci\u00f3n de los diferentes espacios p\u00fablicos.<\/p>\n<p>\u201cLos convenios los firmamos en todos los casos en Buenos Aires en la Secretar\u00eda de Integraci\u00f3n Socio Urbana de Naci\u00f3n (SISU), a cargo de Fernanda Mi\u00f1o, y los estamos ejecutando a trav\u00e9s de la transportista estatal Transcomahue\u201d, apunt\u00f3 la Secretaria de Energ\u00eda, Andrea Confini.<\/p>\n<p>A rasgos generales, se trabaja en el desarrollo de la red el\u00e9ctrica en media tensi\u00f3n, alumbrado p\u00fablico con tecnolog\u00eda LED y los tendidos de distribuci\u00f3n en baja tensi\u00f3n para cada una de las familias, adem\u00e1s de la colocaci\u00f3n de pilares y los kits de seguridad interna domiciliarios. Aunque tambi\u00e9n hay una importante obra de construcci\u00f3n de un acueducto central en Cipolletti, m\u00e1s una red de distribuci\u00f3n de gas en la misma localidad.<\/p>\n<p>Confini inform\u00f3 que \u201clas primeras obras las iniciamos en mayo del a\u00f1o pasado en los barrios cipole\u00f1os 2 de febrero y 10 de febrero de Cipolletti y ya se encuentran ejecutadas un 60%. All\u00ed, si bien se adjudic\u00f3 el trabajo a una empresa neuquina, hay tareas que se ejecutaron con cooperativas de trabajo del lugar, con quienes se coordin\u00f3 el armado de los pilares el\u00e9ctricos. Estamos confiados en que estos trabajos los podremos finalizar en marzo\u201d.<\/p>\n<p>En paralelo, la funcionaria apunt\u00f3 que durante el transcurso de los dos primeros meses del a\u00f1o est\u00e1 previsto comenzar a ejecutar las obras en los barrios populares Alun Ruca de Bariloche, Obrero de El Bols\u00f3n y 23 de septiembre de Las Grutas. Del resto de los proyectos, hizo saber que algunos se los estar\u00e1 licitando durante el transcurso de este mes, per\u00edodo en el cual se espera adjudicar los procesos licitatorios de otros ya iniciados.<\/p>\n<p>En todos los casos se prev\u00e9 la realizaci\u00f3n de obras civiles con un gran despliegue, lo cual incluye la nivelaci\u00f3n de veredas y definici\u00f3n de los niveles del terreno para los desagotes pluviales con el fin de prevenir inundaciones por lluvias. Para ello, se trabaja junto a los municipios en aspectos relacionados con el relevamiento topogr\u00e1fico a partir del cual se desarrollar\u00e1n los rellenos, as\u00ed como la compactaci\u00f3n y nivelaci\u00f3n de calles y veredas.<\/p>\n<h6>Fuente: ADN<\/h6>\n","protected":false},"excerpt":{"rendered":"<p>Se trata de una inversi\u00f3n superior a los 2.251 millones de pesos que se ejecutan en el marco del \u201cPrograma de Obras Tempranas\u201d, financiado por Naci\u00f3n, y beneficiando a 5 mil familias de 19 barrios populares.<\/p>\n","protected":false},"author":2,"featured_media":133193,"comment_status":"closed","ping_status":"closed","sticky":false,"template":"","format":"standard","meta":{"footnotes":""},"categories":[2],"tags":[11],"class_list":["post-133192","post","type-post","status-publish","format-standard","has-post-thumbnail","hentry","category-informe-municipal","tag-rio-negro"],"_links":{"self":[{"href":"http:\/\/argentinamunicipal.com.ar\/argentina\/wp-json\/wp\/v2\/posts\/133192","targetHints":{"allow":["GET"]}}],"collection":[{"href":"http:\/\/argentinamunicipal.com.ar\/argentina\/wp-json\/wp\/v2\/posts"}],"about":[{"href":"http:\/\/argentinamunicipal.com.ar\/argentina\/wp-json\/wp\/v2\/types\/post"}],"author":[{"embeddable":true,"href":"http:\/\/argentinamunicipal.com.ar\/argentina\/wp-json\/wp\/v2\/users\/2"}],"replies":[{"embeddable":true,"href":"http:\/\/argentinamunicipal.com.ar\/argentina\/wp-json\/wp\/v2\/comments?post=133192"}],"version-history":[{"count":0,"href":"http:\/\/argentinamunicipal.com.ar\/argentina\/wp-json\/wp\/v2\/posts\/133192\/revisions"}],"wp:featuredmedia":[{"embeddable":true,"href":"http:\/\/argentinamunicipal.com.ar\/argentina\/wp-json\/wp\/v2\/media\/133193"}],"wp:attachment":[{"href":"http:\/\/argentinamunicipal.com.ar\/argentina\/wp-json\/wp\/v2\/media?parent=133192"}],"wp:term":[{"taxonomy":"category","embeddable":true,"href":"http:\/\/argentinamunicipal.com.ar\/argentina\/wp-json\/wp\/v2\/categories?post=133192"},{"taxonomy":"post_tag","embeddable":true,"href":"http:\/\/argentinamunicipal.com.ar\/argentina\/wp-json\/wp\/v2\/tags?post=133192"}],"curies":[{"name":"wp","href":"https:\/\/api.w.org\/{rel}","templated":true}]}}