{"id":133276,"date":"2023-01-20T05:14:17","date_gmt":"2023-01-20T08:14:17","guid":{"rendered":"http:\/\/argentinamunicipal.com.ar\/argentina\/?p=133276"},"modified":"2023-01-19T20:20:41","modified_gmt":"2023-01-19T23:20:41","slug":"que-hacer-si-no-sale-el-juicio-politico","status":"publish","type":"post","link":"http:\/\/argentinamunicipal.com.ar\/argentina\/que-hacer-si-no-sale-el-juicio-politico\/","title":{"rendered":"\u00bfQu\u00e9 hacer si no sale el juicio pol\u00edtico?"},"content":{"rendered":"<p>Se encuentra en curso el pedido de juicio pol\u00edtico contra los magistrados de la Corte Suprema por mal desempe\u00f1o en sus funciones. Los chats sobre el viaje a Lago Escondido encendieron la llama que faltaba para dar cuenta de los v\u00ednculos entre el poder pol\u00edtico de Juntos por el Cambio y el m\u00e1ximo tribunal del pa\u00eds y, con ello, la violaci\u00f3n de la divisi\u00f3n de poderes que debe respetarse en cualquier democracia.<\/p>\n<p>Claro que el camino no ser\u00e1 f\u00e1cil. Juntos por el Cambio ya dej\u00f3 en claro que rechaza el pedido de juicio pol\u00edtico y que no s\u00f3lo va a boicotear la iniciativa, sino que no va a acompa\u00f1ar ninguna propuesta legislativa oficialista mientras perduren los intentos de remover a la Corte Suprema. El avance del juicio pol\u00edtico parece entonces poco viable ya que el oficialismo no cuenta con los votos suficientes para impulsarlo en soledad. El escenario puede ser a\u00fan m\u00e1s complejo luego de las elecciones presidenciales.<\/p>\n<p>Si pensamos en otras v\u00edas judiciales (insistir con el juicio por jurados o ir al sistema interamericano) o legislativas (reforma constitucional) son muy dif\u00edciles de lograr. Por otro lado, la movilizaci\u00f3n popular podr\u00eda ser una opci\u00f3n: grandes marchas como las que obligaron a cambiar el rumbo del 2&#215;1 contra los genocidas podr\u00edan ayudar a cambiar el clima pol\u00edtico y forzar a Juntos por el Cambio a dar el debate sobre la reforma judicial y la continuidad de la Corte. Sin embargo, pese al escandaloso contenido de los chats entre funcionarios judiciales, empresarios y periodistas, y el viaje a Lago Escondido, la ciudadan\u00eda y los movimientos sociales no salieron a las calles. Entre problemas m\u00e1s tangibles como la inflaci\u00f3n, las tarifas, los aumentos, la desocupaci\u00f3n y la vida diaria, sumado al bloque medi\u00e1tico que hace m\u00e1s foco en \u201cel caso de los rugbiers\u201d o en el hackeo que en el contenido de los chats, no es f\u00e1cil convocar a movilizaciones por cuestiones aparentemente remotas como la imparcialidad judicial, la divisi\u00f3n de poderes y la necesidad de una reforma.<\/p>\n<p>\u00bfY entonces? Si el cambio no viene desde v\u00edas legales \u201cdesde arriba\u201d ni de movilizaci\u00f3n popular \u201cdesde abajo\u201d, en un escenario que parece de imposible resoluci\u00f3n, una v\u00eda de escape podr\u00eda venir en la forma de una iniciativa legal desde abajo: la\u00a0iniciativa popular. Esto pas\u00f3 el a\u00f1o pasado en Alemania: frente a la falta de viviendas y la inacci\u00f3n del gobierno, en una situaci\u00f3n que se viene discutiendo hace a\u00f1os y en la que no parec\u00eda haber soluci\u00f3n al alcance,\u00a0organizaciones civiles juntaron las firmas necesarias para demandar a todo el arco pol\u00edtico la urgente necesidad de debatir la expropiaci\u00f3n de todas las grandes corporaciones inmobiliarias.<\/p>\n<p>El art\u00edculo 39 de la Constituci\u00f3n Nacional Argentina establece la iniciativa popular y dice: Los ciudadanos tienen el derecho de iniciativa para presentar proyectos de ley en la C\u00e1mara de Diputados. El Congreso deber\u00e1 darles expreso tratamiento dentro del t\u00e9rmino de doce meses. La Ley Reglamentaria 24,747 establece que si lxs ciudadanxs re\u00fanen al menos 1.5 % del padr\u00f3n electoral correspondiente a la \u00faltima elecci\u00f3n de diputadxs nacionales y representando al menos a seis distritos electorales, el Congreso tiene que darle curso a la iniciativa (art. 4). Las \u00faltimas elecciones del 2021 contaron con un padr\u00f3n de 34.332.992 personas, con lo que se requerir\u00edan 514.995 firmas para exigir al Congreso que debata una reforma judicial y la ampliaci\u00f3n de la Corte Suprema.<\/p>\n<p>Reunir estas firmas requerir\u00e1 de un trabajo desde los activismos populares ya que la ley proh\u00edbe contar con financiaci\u00f3n privada an\u00f3nima o con contribuciones superiores a 30.000 pesos (art. 12). Sin embargo,\u00a0lejos de ser un obst\u00e1culo, ello puede ser el gran objetivo de la iniciativa popular,\u00a0incluso cuando termine por no ser exitosa (ya sea por no reunirse las firmas o por no aprobarse en el Congreso). Si recordamos el proceso de debate de la ley de medios, comenz\u00f3 como una cuesti\u00f3n que no era de suma importancia para la ciudadan\u00eda. Fue gracias al debate colectivo en mesas de discusi\u00f3n en universidades, centros culturales, centros c\u00edvicos, escuelas y organizaciones barriales en todo el pa\u00eds que lxs argentinxs pudimos encontrar un espacio para reflexionar sobre c\u00f3mo se produce y recibe la informaci\u00f3n. Es m\u00e1s,\u00a0a\u00fan con la ley de medios bastardeada, la batalla cultural fue un \u00e9xito\u00a0y hoy, de uno y otro lado, es claro que\u00a0los medios de comunicaci\u00f3n no son objetivos y que representan intereses pol\u00edticos y econ\u00f3micos.<\/p>\n<p>En la Argentina, ya tuvimos algunas experiencias de iniciativas populares como el Hambre m\u00e1s urgente. Hoy, ante un debate parlamentario bloqueado y con pocas expectativas de que la reforma judicial se convierta en un reclamo popular espont\u00e1neo, la iniciativa popular puede ser un camino para llevar el debate a todos los rincones del pa\u00eds y abrir un canal para que este cambio urgente sea posible.<\/p>\n<p>Por Valeria Vegh Weis<\/p>\n<h6>Fuente: P\u00e1gina 12<\/h6>\n","protected":false},"excerpt":{"rendered":"<p>Se encuentra en curso el pedido de juicio pol\u00edtico contra los magistrados de la Corte Suprema por mal desempe\u00f1o en sus funciones.<\/p>\n","protected":false},"author":2,"featured_media":133277,"comment_status":"closed","ping_status":"closed","sticky":false,"template":"","format":"standard","meta":{"footnotes":""},"categories":[6],"tags":[21],"class_list":["post-133276","post","type-post","status-publish","format-standard","has-post-thumbnail","hentry","category-opiniones","tag-argentina"],"_links":{"self":[{"href":"http:\/\/argentinamunicipal.com.ar\/argentina\/wp-json\/wp\/v2\/posts\/133276","targetHints":{"allow":["GET"]}}],"collection":[{"href":"http:\/\/argentinamunicipal.com.ar\/argentina\/wp-json\/wp\/v2\/posts"}],"about":[{"href":"http:\/\/argentinamunicipal.com.ar\/argentina\/wp-json\/wp\/v2\/types\/post"}],"author":[{"embeddable":true,"href":"http:\/\/argentinamunicipal.com.ar\/argentina\/wp-json\/wp\/v2\/users\/2"}],"replies":[{"embeddable":true,"href":"http:\/\/argentinamunicipal.com.ar\/argentina\/wp-json\/wp\/v2\/comments?post=133276"}],"version-history":[{"count":0,"href":"http:\/\/argentinamunicipal.com.ar\/argentina\/wp-json\/wp\/v2\/posts\/133276\/revisions"}],"wp:featuredmedia":[{"embeddable":true,"href":"http:\/\/argentinamunicipal.com.ar\/argentina\/wp-json\/wp\/v2\/media\/133277"}],"wp:attachment":[{"href":"http:\/\/argentinamunicipal.com.ar\/argentina\/wp-json\/wp\/v2\/media?parent=133276"}],"wp:term":[{"taxonomy":"category","embeddable":true,"href":"http:\/\/argentinamunicipal.com.ar\/argentina\/wp-json\/wp\/v2\/categories?post=133276"},{"taxonomy":"post_tag","embeddable":true,"href":"http:\/\/argentinamunicipal.com.ar\/argentina\/wp-json\/wp\/v2\/tags?post=133276"}],"curies":[{"name":"wp","href":"https:\/\/api.w.org\/{rel}","templated":true}]}}