{"id":133313,"date":"2023-01-23T05:00:32","date_gmt":"2023-01-23T08:00:32","guid":{"rendered":"http:\/\/argentinamunicipal.com.ar\/argentina\/?p=133313"},"modified":"2023-01-20T06:17:01","modified_gmt":"2023-01-20T09:17:01","slug":"rio-cuarto-reciclan-bicis-usadas-para-ayudar-a-los-recuperadores-urbanos","status":"publish","type":"post","link":"http:\/\/argentinamunicipal.com.ar\/argentina\/rio-cuarto-reciclan-bicis-usadas-para-ayudar-a-los-recuperadores-urbanos\/","title":{"rendered":"R\u00edo Cuarto: Reciclan bicis usadas para ayudar a los recuperadores urbanos"},"content":{"rendered":"<p>Es una movida que impulsa la ONG Granja de Ideas, en la que acondicionan y luego entregan los veh\u00edculos en comodato. Ya otorgaron las primeras tres bicicletas a integrantes de una cooperativa de barrio Oncativo<\/p>\n<p>A trav\u00e9s de una iniciativa solidaria, una ONG local recicla bicicletas usadas para entreg\u00e1rselas en comodato a recuperadores urbanos, que las usan como herramienta de trabajo. Se trata de la cooperativa Granja de Ideas que recientemente lanz\u00f3 una campa\u00f1a de recepci\u00f3n y reacondicionamiento de los rodados, y ya entreg\u00f3 las primeras.<\/p>\n<p>\u201cAl facilitar el transporte de los materiales, fortalecemos el trabajo de las personas que se dedican a esta tarea, promovemos la econom\u00eda circular y el reciclado de papel, cart\u00f3n, aluminio y pl\u00e1sticos que de otra forma terminar\u00edan en los enterramientos sanitarios\u201d, indicaron desde la ONG.<\/p>\n<p>El lunes, entregaron las primeras 3 bicicletas a miembros de la cooperativa Re ECOnservar.<\/p>\n<p>\u201cHay mucha gente pidi\u00e9ndonos bicicletas, y por eso hemos lanzado la campa\u00f1a de donaci\u00f3n. Buscamos bicis que ya no se usen o que tengan alguna falla, y nosotros las arreglamos para entregarlas a recuperadores urbanos\u201d, explic\u00f3 Yvon Tesio, integrante de Granja de Ideas y Tribuno de Cuentas de Pol\u00edtica Abierta.<\/p>\n<p>Muchos de los recuperadores hacen el trabajo a pie, y una bicicleta es de gran ayuda para transportar los materiales.<\/p>\n<p>\u201cEntregamos las bicicletas con portaequipajes y un gancho para que puedan tirar un carro, reparadas, acondicionadas y pintadas. Las damos en comodato y les pedimos que las reparen si se les rompen, algo que pueden hacer en nuestro taller\u201d, indic\u00f3 Tesio.<\/p>\n<p>Adem\u00e1s, dijo que tienen demanda de veh\u00edculos y que, tras lanzar la campa\u00f1a, recibieron llamados de m\u00e1s de 20 personas interesadas, casi todas mujeres.<\/p>\n<p>\u201cLo bueno es que le solucionamos un problema a la gente que trabaja en la recuperaci\u00f3n de elementos. Por otro lado, sabemos que hay mucha gente que tiene bicicletas desocupadas en su casa y puede ayudar\u201d, ampli\u00f3 Tesio.<\/p>\n<p>La idea surgi\u00f3 de un proyecto de ordenanza de la concejala de Pol\u00edtica Abierta, Miriam Rodr\u00edguez Salvatierra, que encontr\u00f3 eco en la Granja de Ideas, y ahora comienza a ejecutarse.<\/p>\n<p>Los interesados pueden contactarse a los siguientes medios: Facebook (Granja de Ideas); Instagram (granjadeideasr4) o al 3585095304 (Yvon Tesio).<\/p>\n<h6>Fuente: Puntal<\/h6>\n","protected":false},"excerpt":{"rendered":"<p>Es una movida que impulsa la ONG Granja de Ideas, en la que acondicionan y luego entregan los veh\u00edculos en comodato. Ya otorgaron las primeras tres bicicletas a integrantes de una cooperativa de barrio Oncativo<\/p>\n","protected":false},"author":2,"featured_media":133314,"comment_status":"closed","ping_status":"closed","sticky":false,"template":"","format":"standard","meta":{"footnotes":""},"categories":[2],"tags":[3],"class_list":["post-133313","post","type-post","status-publish","format-standard","has-post-thumbnail","hentry","category-informe-municipal","tag-cordoba"],"_links":{"self":[{"href":"http:\/\/argentinamunicipal.com.ar\/argentina\/wp-json\/wp\/v2\/posts\/133313","targetHints":{"allow":["GET"]}}],"collection":[{"href":"http:\/\/argentinamunicipal.com.ar\/argentina\/wp-json\/wp\/v2\/posts"}],"about":[{"href":"http:\/\/argentinamunicipal.com.ar\/argentina\/wp-json\/wp\/v2\/types\/post"}],"author":[{"embeddable":true,"href":"http:\/\/argentinamunicipal.com.ar\/argentina\/wp-json\/wp\/v2\/users\/2"}],"replies":[{"embeddable":true,"href":"http:\/\/argentinamunicipal.com.ar\/argentina\/wp-json\/wp\/v2\/comments?post=133313"}],"version-history":[{"count":0,"href":"http:\/\/argentinamunicipal.com.ar\/argentina\/wp-json\/wp\/v2\/posts\/133313\/revisions"}],"wp:featuredmedia":[{"embeddable":true,"href":"http:\/\/argentinamunicipal.com.ar\/argentina\/wp-json\/wp\/v2\/media\/133314"}],"wp:attachment":[{"href":"http:\/\/argentinamunicipal.com.ar\/argentina\/wp-json\/wp\/v2\/media?parent=133313"}],"wp:term":[{"taxonomy":"category","embeddable":true,"href":"http:\/\/argentinamunicipal.com.ar\/argentina\/wp-json\/wp\/v2\/categories?post=133313"},{"taxonomy":"post_tag","embeddable":true,"href":"http:\/\/argentinamunicipal.com.ar\/argentina\/wp-json\/wp\/v2\/tags?post=133313"}],"curies":[{"name":"wp","href":"https:\/\/api.w.org\/{rel}","templated":true}]}}