{"id":133319,"date":"2023-01-20T06:31:28","date_gmt":"2023-01-20T09:31:28","guid":{"rendered":"http:\/\/argentinamunicipal.com.ar\/argentina\/?p=133319"},"modified":"2023-01-20T06:31:28","modified_gmt":"2023-01-20T09:31:28","slug":"el-programa-vivi-neuquen-interesa-a-los-municipios-del-interior","status":"publish","type":"post","link":"http:\/\/argentinamunicipal.com.ar\/argentina\/el-programa-vivi-neuquen-interesa-a-los-municipios-del-interior\/","title":{"rendered":"El programa Viv\u00ed Neuqu\u00e9n interesa a los municipios del interior"},"content":{"rendered":"<p>El programa busca impulsar el sector tur\u00edstico con equidad territorial y llevando desarrollo sustentable a cada rinc\u00f3n de la provincia.<\/p>\n<p>La coordinadora del Ministerio de Turismo, Vilma Barreras, se reuni\u00f3 con representantes de \u00e1reas de turismo de municipios de la provincia para dar a conocer los alcances de Viv\u00ed Neuqu\u00e9n, el programa de descuentos y beneficios para residentes neuquinos y del Alto Valle de R\u00edo Negro.<\/p>\n<p>En el encuentro virtual, Barreras detall\u00f3 los objetivos generales y las promociones y paquetes tur\u00edsticos que actualmente tienen vigencia, y aquellos que se encuentran en etapa de cierre como los relativos al calendario Mundial de Motocross de los d\u00edas 11 y 12 de marzo en Villa La Angostura.<\/p>\n<p>\u201cEl programa cumple con el objetivo que nos se\u00f1al\u00f3 el gobernador y el ministro de Turismo Sandro Badilla, de impulsar el sector con equidad territorial y llevando desarrollo sustentable y sostenible a cada rinc\u00f3n de la provincia\u201d, sostuvo Barreras, y afirm\u00f3 que \u201cel primer turista somos las neuquinas y los neuquinos.\u201d<br \/>\nViv\u00ed Neuqu\u00e9n alienta al p\u00fablico a recorrer y disfrutar de destinos y atractivos neuquinos en cualquier \u00e9poca del a\u00f1o, complementando con actividades recreativas y tur\u00edsticas, especialmente en estad\u00edas cortas y con beneficios en distintos rubros.<\/p>\n<p>El objetivo es que las comunidades locales tengan un flujo tur\u00edstico permanente bajo la idea de \u201cestacionalidad cero\u201d.<\/p>\n<p>Hace poco se iniciaron las primeras propuestas con entidades y asociaciones, y se espera que se vayan sumando muchas m\u00e1s con una amplia variedad de opciones en alojamientos, gastronom\u00eda, excursiones, paseos y transporte, entre otras.<\/p>\n<p>En este verano 2022-2023, las primeras promociones ser\u00e1n de agencias de viajes con paquetes tur\u00edsticos en los principales destinos, con la posibilidad de pagar en cuotas y tener descuentos con tarjetas locales y beneficios en alojamiento de mutuales.<\/p>\n<h6>Fuente: Puntal<\/h6>\n","protected":false},"excerpt":{"rendered":"<p>El programa busca impulsar el sector tur\u00edstico con equidad territorial y llevando desarrollo sustentable a cada rinc\u00f3n de la provincia.<\/p>\n","protected":false},"author":2,"featured_media":133321,"comment_status":"closed","ping_status":"closed","sticky":false,"template":"","format":"standard","meta":{"footnotes":""},"categories":[2],"tags":[23],"class_list":["post-133319","post","type-post","status-publish","format-standard","has-post-thumbnail","hentry","category-informe-municipal","tag-neuquen"],"_links":{"self":[{"href":"http:\/\/argentinamunicipal.com.ar\/argentina\/wp-json\/wp\/v2\/posts\/133319","targetHints":{"allow":["GET"]}}],"collection":[{"href":"http:\/\/argentinamunicipal.com.ar\/argentina\/wp-json\/wp\/v2\/posts"}],"about":[{"href":"http:\/\/argentinamunicipal.com.ar\/argentina\/wp-json\/wp\/v2\/types\/post"}],"author":[{"embeddable":true,"href":"http:\/\/argentinamunicipal.com.ar\/argentina\/wp-json\/wp\/v2\/users\/2"}],"replies":[{"embeddable":true,"href":"http:\/\/argentinamunicipal.com.ar\/argentina\/wp-json\/wp\/v2\/comments?post=133319"}],"version-history":[{"count":0,"href":"http:\/\/argentinamunicipal.com.ar\/argentina\/wp-json\/wp\/v2\/posts\/133319\/revisions"}],"wp:featuredmedia":[{"embeddable":true,"href":"http:\/\/argentinamunicipal.com.ar\/argentina\/wp-json\/wp\/v2\/media\/133321"}],"wp:attachment":[{"href":"http:\/\/argentinamunicipal.com.ar\/argentina\/wp-json\/wp\/v2\/media?parent=133319"}],"wp:term":[{"taxonomy":"category","embeddable":true,"href":"http:\/\/argentinamunicipal.com.ar\/argentina\/wp-json\/wp\/v2\/categories?post=133319"},{"taxonomy":"post_tag","embeddable":true,"href":"http:\/\/argentinamunicipal.com.ar\/argentina\/wp-json\/wp\/v2\/tags?post=133319"}],"curies":[{"name":"wp","href":"https:\/\/api.w.org\/{rel}","templated":true}]}}