{"id":133350,"date":"2023-01-24T05:52:35","date_gmt":"2023-01-24T08:52:35","guid":{"rendered":"http:\/\/argentinamunicipal.com.ar\/argentina\/?p=133350"},"modified":"2023-01-23T19:54:19","modified_gmt":"2023-01-23T22:54:19","slug":"mujeres-cartoneras-de-rosario-promueven-la-recuperacion-de-materiales-en-la-rambla","status":"publish","type":"post","link":"http:\/\/argentinamunicipal.com.ar\/argentina\/mujeres-cartoneras-de-rosario-promueven-la-recuperacion-de-materiales-en-la-rambla\/","title":{"rendered":"Mujeres cartoneras de Rosario promueven la recuperaci\u00f3n de materiales en la Rambla"},"content":{"rendered":"<p>Este fin de semana comenzaron en la costanera norte con su campa\u00f1a Playas Limpias, que sigue hasta el 12 de febrero. Se trata de una iniciativa nacional de la Federaci\u00f3n de Recicladores<\/p>\n<p>Seis promotoras ambientales del Movimiento de Trabajadores Excluidos (MTE) recorrieron este fin de semana el balneario de la Rambla Catalunya (Carrasco y Gallo) en el marco del\u00a0programa Playas Limpias, que consiste en explicarles a los ba\u00f1istas la importancia de reutilizar los materiales recuperables\u00a0pues de esta manera se evita la contaminaci\u00f3n y se valoriza el trabajo de los cartoneros, quienes no solo rastrean a diario toneladas de materiales por la ciudad sino que los separan en una planta ubicada en zona sur. Al retirarse de la Rambla este domingo, los veraneantes tuvieron la oportunidad de pasar a la acci\u00f3n inmediatamente,\u00a0disponiendo para el reciclaje las botellas de gaseosas, latitas o cualquier cosa de cart\u00f3n, de pl\u00e1stico o de metal\u00a0que hubieran consumido durante la jornada.<\/p>\n<p>Es el segundo a\u00f1o que la iniciativa de la Federaci\u00f3n Argentina de Cartoneros, Carreros y Recicladores (FACCyR) -impulsada por el MTE en todas las ciudades del pa\u00eds con playa- se desarrolla en Rosario. Con un total de ocho ediciones, continuar\u00e1 el pr\u00f3ximo fin de semana de enero y los dos primeros de febrero, de 15 a 19 en la costanera norte.\u00a0All\u00ed los turistas, vecinos y transe\u00fantes se encuentran con un gazebo y dos inmensos bolsones para dejar\u00a0los materiales que luego ser\u00e1n separados en la planta de reciclado de Ovidio Lagos 4011,\u00a0Carlos Manco Miere. Este militante social que falleci\u00f3 durante la pandemia hab\u00eda armado la Cooperativa Cartoneros Unidos y fue de los primeros en luchar por el reconocimiento de la actividad en Rosario.<\/p>\n<p>Celeste Sala, responsable del cuerpo de promotoras ambientales, evoca su nombre bajo el sol mientras las compa\u00f1eras recorren la zona para charlar con los cientos de personas que en la t\u00f3rrida tarde se han congregado en este espacio p\u00fablico del barrio La Florida. Desde sus reposeras y lonitas, escuchan con atenci\u00f3n al grupo de mujeres cartoneras, hoy con remeras estampadas especialmente con el logo de la campa\u00f1a, y se enteran de datos que les resultan novedosos. Por ejemplo que\u00a0con 80 latas de gaseosas recuperadas se puede hacer una llanta de bicicleta\u00a0o la cantidad de gente involucrada en los procesos de reciclaje, una tarea de alta incidencia socioambiental que les permite\u00a0parar la olla.<\/p>\n<p>Celeste comenta que la tendencia es la buena recepci\u00f3n por parte del p\u00fablico del mensaje de concientizaci\u00f3n. Junto al Paran\u00e1, las promotoras repiten la lista de materiales susceptibles de ser reciclados y la manera m\u00e1s adecuada de conservarlos, es decir limpios y secos. Adem\u00e1s, en los intercambios con la gente comparten su perfil en la red social Instagram (https:\/\/www.instagram.com\/mte_rosario\/) y les sugieren que si viven fuera de los tres circuitos de recolecci\u00f3n puerta a puerta (en el barrio Industrial por convenio con la Municipalidad, en Alberdi y en Fisherton)\u00a0pueden llevar los elementos que ya han consumido a la planta de zona sur, donde trabajan veinte personas de lunes a s\u00e1bados de 8 a 16. La insistencia es por la separaci\u00f3n de la basura en origen,\u00a0en los domicilios particulares.<\/p>\n<p>\u201cMuchos toman conciencia de la importancia de que el material se recupere, en lugar de quedar enterrado en un basural a cielo abierto o en microbasurales, de ese modo regresa a la industria como materia prima\u201d, describe Celeste y recuerda que para protagonizar este tipo de operativos ella y sus compa\u00f1eras previamente se capacitaron con pares en la ciudad de Buenos Aires. \u201cEn CABA existe la ley N\u00ba 9.992, que reconoce a los cartoneros como recuperadores urbanos. La llamamos la Ley del Cartonero y la queremos replicar ac\u00e1: estamos en trato con la Municipalidad para que nos reconozcan el trabajo. Desde hace cinco a\u00f1os trabajamos en conjunto, con las \u00e1reas de Servicios P\u00fablicos y Ambiente\u201d, a\u00f1ade.<\/p>\n<p>La iniciativa Playas Limpias se articula tambi\u00e9n con los programas Argentina Recicla y Mi Provincia Recicla, bajo el lema \u201c\u00a1Sin cartoneros y cartoneras no hay reciclado!\u201d.<\/p>\n<h6>Fuente: La Capital<\/h6>\n","protected":false},"excerpt":{"rendered":"<p>Este fin de semana comenzaron en la costanera norte con su campa\u00f1a Playas Limpias, que sigue hasta el 12 de febrero. Se trata de una iniciativa nacional de la Federaci\u00f3n de Recicladores<\/p>\n","protected":false},"author":2,"featured_media":133351,"comment_status":"closed","ping_status":"closed","sticky":false,"template":"","format":"standard","meta":{"footnotes":""},"categories":[2],"tags":[10],"class_list":["post-133350","post","type-post","status-publish","format-standard","has-post-thumbnail","hentry","category-informe-municipal","tag-santa-fe"],"_links":{"self":[{"href":"http:\/\/argentinamunicipal.com.ar\/argentina\/wp-json\/wp\/v2\/posts\/133350","targetHints":{"allow":["GET"]}}],"collection":[{"href":"http:\/\/argentinamunicipal.com.ar\/argentina\/wp-json\/wp\/v2\/posts"}],"about":[{"href":"http:\/\/argentinamunicipal.com.ar\/argentina\/wp-json\/wp\/v2\/types\/post"}],"author":[{"embeddable":true,"href":"http:\/\/argentinamunicipal.com.ar\/argentina\/wp-json\/wp\/v2\/users\/2"}],"replies":[{"embeddable":true,"href":"http:\/\/argentinamunicipal.com.ar\/argentina\/wp-json\/wp\/v2\/comments?post=133350"}],"version-history":[{"count":0,"href":"http:\/\/argentinamunicipal.com.ar\/argentina\/wp-json\/wp\/v2\/posts\/133350\/revisions"}],"wp:featuredmedia":[{"embeddable":true,"href":"http:\/\/argentinamunicipal.com.ar\/argentina\/wp-json\/wp\/v2\/media\/133351"}],"wp:attachment":[{"href":"http:\/\/argentinamunicipal.com.ar\/argentina\/wp-json\/wp\/v2\/media?parent=133350"}],"wp:term":[{"taxonomy":"category","embeddable":true,"href":"http:\/\/argentinamunicipal.com.ar\/argentina\/wp-json\/wp\/v2\/categories?post=133350"},{"taxonomy":"post_tag","embeddable":true,"href":"http:\/\/argentinamunicipal.com.ar\/argentina\/wp-json\/wp\/v2\/tags?post=133350"}],"curies":[{"name":"wp","href":"https:\/\/api.w.org\/{rel}","templated":true}]}}