{"id":133384,"date":"2023-01-24T05:00:52","date_gmt":"2023-01-24T08:00:52","guid":{"rendered":"http:\/\/argentinamunicipal.com.ar\/argentina\/?p=133384"},"modified":"2023-01-24T06:18:47","modified_gmt":"2023-01-24T09:18:47","slug":"concejales-sesionaran-esta-semana-por-la-licitacion-para-el-cierre-del-vertedero-en-bariloche","status":"publish","type":"post","link":"http:\/\/argentinamunicipal.com.ar\/argentina\/concejales-sesionaran-esta-semana-por-la-licitacion-para-el-cierre-del-vertedero-en-bariloche\/","title":{"rendered":"Concejales sesionar\u00e1n esta semana por la licitaci\u00f3n para el cierre del Vertedero en Bariloche"},"content":{"rendered":"<p>En estas horas se est\u00e1 definiendo en el seno del Concejo Deliberante, el desarrollo de una sesi\u00f3n extraordinaria para mi\u00e9rcoles o jueves, donde se aborde como \u00fanico tema a tratar, la licitaci\u00f3n para el cierre definitivo del Vertedero.<\/p>\n<p>Cabe mencionar, que la ordenanza que planea cerrar el basural est\u00e1 vigente y puso como plazo el mes de diciembre de este a\u00f1o. La normativa establece que el municipio tiene un plazo de 120 d\u00edas para informar las nuevas opciones de localizaci\u00f3n de un vertedero regional, y ya pasaron 40.<\/p>\n<p>El proyecto debe tomar estado parlamentario y ser tratado sobre tablas, todo en la misma sesi\u00f3n. Ser\u00e1 el intendente Gustavo Gennuso quien firme el documento, luego de casi dos a\u00f1os de trabajos internos, con el asesoramiento de consultores y realizando tareas complementarias como es el fortalecimiento de la recolecci\u00f3n.<\/p>\n<p>En conjunto con el cierre del Vertedero, se deber\u00e1 definir la ubicaci\u00f3n de otro basurero pero regional, algo que se est\u00e1 abordando con el gobierno provincial.<\/p>\n<p>En lo que hace a la aprobaci\u00f3n o no, es de suponer que todos los bloques del Deliberante se comprometan a sancionar la ordenanza que permita el llamado a licitaci\u00f3n, por lo que m\u00e1s all\u00e1 de los debates pol\u00edticos que puedan surgir sobre todo en tiempos de campa\u00f1a, la iniciativa del oficialismo no deber\u00eda tener mayores inconvenientes en conseguir todos los votos de los ediles.<\/p>\n<p>Este lunes, en la radio de El Cordillerano, Gennuso sostuvo: \u00abTrabajamos mucho para la reconversi\u00f3n, por eso estamos esperando la sesi\u00f3n extraordinaria del Concejo para que nos aprueben los pliegos de la licitaci\u00f3n y poder comenzar con las tareas de cierre del Vertedero. Por ahora la preocupaci\u00f3n est\u00e1 centrada en el cierre, eso es lo importante, porque incluye un costo importante sobre la reconfiguraci\u00f3n de lo que ya est\u00e1\u201d.<\/p>\n<h6>Fuente: El Cordillerano<\/h6>\n","protected":false},"excerpt":{"rendered":"<p>En estas horas se est\u00e1 definiendo en el seno del Concejo Deliberante, el desarrollo de una sesi\u00f3n extraordinaria para mi\u00e9rcoles o jueves, donde se aborde como \u00fanico tema a tratar, la licitaci\u00f3n para el cierre definitivo del Vertedero.<\/p>\n","protected":false},"author":2,"featured_media":133385,"comment_status":"closed","ping_status":"closed","sticky":false,"template":"","format":"standard","meta":{"footnotes":""},"categories":[2],"tags":[11],"class_list":["post-133384","post","type-post","status-publish","format-standard","has-post-thumbnail","hentry","category-informe-municipal","tag-rio-negro"],"_links":{"self":[{"href":"http:\/\/argentinamunicipal.com.ar\/argentina\/wp-json\/wp\/v2\/posts\/133384","targetHints":{"allow":["GET"]}}],"collection":[{"href":"http:\/\/argentinamunicipal.com.ar\/argentina\/wp-json\/wp\/v2\/posts"}],"about":[{"href":"http:\/\/argentinamunicipal.com.ar\/argentina\/wp-json\/wp\/v2\/types\/post"}],"author":[{"embeddable":true,"href":"http:\/\/argentinamunicipal.com.ar\/argentina\/wp-json\/wp\/v2\/users\/2"}],"replies":[{"embeddable":true,"href":"http:\/\/argentinamunicipal.com.ar\/argentina\/wp-json\/wp\/v2\/comments?post=133384"}],"version-history":[{"count":0,"href":"http:\/\/argentinamunicipal.com.ar\/argentina\/wp-json\/wp\/v2\/posts\/133384\/revisions"}],"wp:featuredmedia":[{"embeddable":true,"href":"http:\/\/argentinamunicipal.com.ar\/argentina\/wp-json\/wp\/v2\/media\/133385"}],"wp:attachment":[{"href":"http:\/\/argentinamunicipal.com.ar\/argentina\/wp-json\/wp\/v2\/media?parent=133384"}],"wp:term":[{"taxonomy":"category","embeddable":true,"href":"http:\/\/argentinamunicipal.com.ar\/argentina\/wp-json\/wp\/v2\/categories?post=133384"},{"taxonomy":"post_tag","embeddable":true,"href":"http:\/\/argentinamunicipal.com.ar\/argentina\/wp-json\/wp\/v2\/tags?post=133384"}],"curies":[{"name":"wp","href":"https:\/\/api.w.org\/{rel}","templated":true}]}}