{"id":133484,"date":"2023-01-27T05:40:39","date_gmt":"2023-01-27T08:40:39","guid":{"rendered":"http:\/\/argentinamunicipal.com.ar\/argentina\/?p=133484"},"modified":"2023-01-26T19:55:54","modified_gmt":"2023-01-26T22:55:54","slug":"veinte-inmuebles-santafesinos-fueron-protegidos-por-su-patrimonio-historico-y-cultural-cuales-son","status":"publish","type":"post","link":"http:\/\/argentinamunicipal.com.ar\/argentina\/veinte-inmuebles-santafesinos-fueron-protegidos-por-su-patrimonio-historico-y-cultural-cuales-son\/","title":{"rendered":"Veinte inmuebles santafesinos fueron protegidos por su patrimonio hist\u00f3rico y cultural: cu\u00e1les son"},"content":{"rendered":"<p>Est\u00e1n diseminados por toda la provincia y en la ciudad de Santa Fe alcanza al Templo, Convento y Museo Hist\u00f3rico San Francisco as\u00ed como al anfiteatro del Parque Sur.<\/p>\n<p>En el \u00faltimo a\u00f1o calendario, el Poder Ejecutivo promulg\u00f3 una veintena de leyes tendientes a preservar el patrimonio hist\u00f3rico y cultural en establecimientos escolares o templos en varias localidades de la provincia, entre ellas el complejo del Templo, Museo y Convento de San Francisco donde ya existe una norma nacional y una ordenanza municipal que reconoce el valor de esas construcciones. Se trata de edificios cuya protecci\u00f3n reclamaron legisladores siguiendo pedidos de entidades de las zonas donde se encuentran emplazados y que, en la mayor\u00eda de los casos, marcaron puntos de origen de asentamientos poblacionales.<\/p>\n<p>Tambi\u00e9n se dictaron leyes de protecci\u00f3n de sitios donde se produjeron acontecimientos hist\u00f3ricos en territorio provincial como en la zona de Ca\u00f1ada de G\u00f3mez y en Carrizales, ambos lugares en el departamento Iriondo.<\/p>\n<p>La mayor\u00eda de la sanci\u00f3n de estas leyes fueron fruto de las negociaciones entabladas entre las conducciones de las c\u00e1maras y en todos los casos no implica en lo inmediato asignaciones presupuestarias.<\/p>\n<p>Los edificios declarados como patrimonio hist\u00f3rico y cultural en el \u00faltimo a\u00f1o son los siguientes:<\/p>\n<p>Ley N\u00ba 14089: el edificio de la Biblioteca Popular N\u00ba 925 de Gobernador Crespo, dpto San Justo.<\/p>\n<p>Ley N\u00ba 14092: la Capilla La Consolata de Totoras, dpto Iriondo.<\/p>\n<p>Ley N\u00ba 14093: el Templo Parroquial \u00abNuestra Sra. de Luj\u00e1n\u00bb de Puerto Gaboto, dpto San Jer\u00f3nimo.<\/p>\n<p>Ley N\u00ba 14095: anfiteatro del Parque del Sur \u00abAuditorium Juan de Garay\u00bb.<\/p>\n<p>Ley N\u00ba 14096: el edificio del Cine Teatro Cervantes de Ca\u00f1ada de G\u00f3mez, dpto Iriondo.<\/p>\n<p>Ley N\u00ba 14098: la Iglesia San Esteban de Villa Amelia, dpto Rosario.<\/p>\n<p>Ley N\u00ba 14106: la Escuela N\u00ba 248 \u00abFelipe Timoteo Correa\u00bb de Correa, dpto Iriondo.<\/p>\n<p>Ley N\u00ba 14109: al edificio propiedad de la Comuna de Maggiolo en el que funciona el Cine Teatro Comunal de esa localidad del dpto General L\u00f3pez.<\/p>\n<p>Ley N\u00ba 14112: instalaciones de la Sociedad Suiza de Ca\u00f1ada de G\u00f3mez, dpto Iriondo.<\/p>\n<p>Ley N\u00ba 14113: el templo de la \u00abIglesia Evang\u00e9lica Metodista Emmanuel\u00bb y de la Casa Pastoral de Ca\u00f1ada de G\u00f3mez.<\/p>\n<p>Ley N\u00ba 14114: edificio de la Iglesia \u00abMar\u00eda Auxiliadora\u00bb en Colonia Medici de Bustinza, en Iriondo.<\/p>\n<p>Ley N\u00ba 14116: Templo, Convento y Museo Hist\u00f3rico San Francisco de Santa Fe.<\/p>\n<p>Ley N\u00ba 14117: inmueble de la Sociedad Italiana de Mar\u00eda Juana, dpto Castellanos.<\/p>\n<p>Ley N\u00ba 14118: al complejo edilicio de la Iglesia Evang\u00e9lica Valdense de Colonia Belgrano.<\/p>\n<p>Ley N\u00ba 14138: la Escuela N\u00ba 132 \u00abAsamblea del A\u00f1o XIII\u00bb de Villa Gobernador G\u00e1lvez, dpto Rosario.<\/p>\n<p>Ley N\u00b0 14151: restos del denominado Puente Mihura\u00bb en Esperanza.<\/p>\n<p>Ley N\u00ba 14115: al espacio donde se desarroll\u00f3, en diciembre de 1828, la \u00abBatalla del M\u00edo M\u00edo\u00bb de Carrizales.<\/p>\n<p>Ley N\u00ba 14168: declara patrimonio al espacio en que se desarroll\u00f3 la denominada \u00abMatanza de Ca\u00f1ada de G\u00f3mez\u00bb el 22 de noviembre de 1861, y otra ley -N\u00ba 14169- encomienda al Poder Ejecutivo que dise\u00f1e y construya una obra, monumento o espacio conmemorativo de ese acontecimiento.<\/p>\n<p>Otros tipos de protecci\u00f3n legal otorga la ley 14099 que declar\u00f3 Patrimonio Arqueol\u00f3gico y Cultural al sitio en donde se encuentran emplazados el Yacimiento R\u00edo Salado-Coronda y el Museo Arqueol\u00f3gico de Santo Tom\u00e9. La ley N\u00ba 14135 declar\u00f3 Patrimonio Hist\u00f3rico Cultural a las sentencias, expedientes y materiales f\u00edlmicos de las audiencias de los procesos judiciales de las causas tramitadas en los Tribunales Federales del territorio santafesino vinculadas a los delitos de lesa humanidad.<\/p>\n<p>Finalmente, la Ley N\u00ba 14110 declar\u00f3 como Patrimonio Arqueol\u00f3gico, Hist\u00f3rico y Cultural al Centro Hist\u00f3rico de la ciudad de San Javier.<\/p>\n<h6>Fuente: El Litoral<\/h6>\n","protected":false},"excerpt":{"rendered":"<p>Est\u00e1n diseminados por toda la provincia y en la ciudad de Santa Fe alcanza al Templo, Convento y Museo Hist\u00f3rico San Francisco as\u00ed como al anfiteatro del Parque Sur.<\/p>\n","protected":false},"author":2,"featured_media":133485,"comment_status":"closed","ping_status":"closed","sticky":false,"template":"","format":"standard","meta":{"footnotes":""},"categories":[2],"tags":[10],"class_list":["post-133484","post","type-post","status-publish","format-standard","has-post-thumbnail","hentry","category-informe-municipal","tag-santa-fe"],"_links":{"self":[{"href":"http:\/\/argentinamunicipal.com.ar\/argentina\/wp-json\/wp\/v2\/posts\/133484","targetHints":{"allow":["GET"]}}],"collection":[{"href":"http:\/\/argentinamunicipal.com.ar\/argentina\/wp-json\/wp\/v2\/posts"}],"about":[{"href":"http:\/\/argentinamunicipal.com.ar\/argentina\/wp-json\/wp\/v2\/types\/post"}],"author":[{"embeddable":true,"href":"http:\/\/argentinamunicipal.com.ar\/argentina\/wp-json\/wp\/v2\/users\/2"}],"replies":[{"embeddable":true,"href":"http:\/\/argentinamunicipal.com.ar\/argentina\/wp-json\/wp\/v2\/comments?post=133484"}],"version-history":[{"count":0,"href":"http:\/\/argentinamunicipal.com.ar\/argentina\/wp-json\/wp\/v2\/posts\/133484\/revisions"}],"wp:featuredmedia":[{"embeddable":true,"href":"http:\/\/argentinamunicipal.com.ar\/argentina\/wp-json\/wp\/v2\/media\/133485"}],"wp:attachment":[{"href":"http:\/\/argentinamunicipal.com.ar\/argentina\/wp-json\/wp\/v2\/media?parent=133484"}],"wp:term":[{"taxonomy":"category","embeddable":true,"href":"http:\/\/argentinamunicipal.com.ar\/argentina\/wp-json\/wp\/v2\/categories?post=133484"},{"taxonomy":"post_tag","embeddable":true,"href":"http:\/\/argentinamunicipal.com.ar\/argentina\/wp-json\/wp\/v2\/tags?post=133484"}],"curies":[{"name":"wp","href":"https:\/\/api.w.org\/{rel}","templated":true}]}}