{"id":133493,"date":"2023-01-30T05:05:48","date_gmt":"2023-01-30T08:05:48","guid":{"rendered":"http:\/\/argentinamunicipal.com.ar\/argentina\/?p=133493"},"modified":"2023-01-26T20:11:59","modified_gmt":"2023-01-26T23:11:59","slug":"en-febrero-llegaran-20-nuevos-colectivos-para-reforzar-el-transporte-rosarino","status":"publish","type":"post","link":"http:\/\/argentinamunicipal.com.ar\/argentina\/en-febrero-llegaran-20-nuevos-colectivos-para-reforzar-el-transporte-rosarino\/","title":{"rendered":"En febrero llegar\u00e1n 20 nuevos colectivos para reforzar el transporte rosarino"},"content":{"rendered":"<p>Del total, 15 ir\u00e1n a Rosario Bus y 5 a Movi. Adem\u00e1s, en 10 d\u00edas se desfusionar\u00e1n m\u00e1s l\u00edneas y otras retomar\u00e1n sus recorridos habituales<\/p>\n<p>El municipio adelant\u00f3 que en febrero llegar\u00e1n 20 nuevos colectivos para reforzar el transporte como parte de la implementaci\u00f3n del sistema de transici\u00f3n pos pandemia que incluye la incorporaci\u00f3n de coches 0 kil\u00f3metro, tanto en la empresa Movi como en Rosario Bus.\u00a0Tendr\u00e1n las mismas caracter\u00edsticas t\u00e9cnicas que las que se presentaron a principios de a\u00f1o, pero a\u00fan no hay detalle de las l\u00edneas las que ir\u00e1n a funcionar.<\/p>\n<p>As\u00ed,\u00a0est\u00e1 previsto que en los pr\u00f3ximos dos meses se incorporen al Transporte Urbano de Pasajeros (TUP) 42 nuevas unidades, que se sumar\u00e1n a las 15 que est\u00e1n en la calle desde el 3 de enero. Las mismas pueden reconocerse porque tienen el parabrisas m\u00e1s grande y un ploteado lateral con Lionel Messi y Angel Di Mar\u00eda.<\/p>\n<p>En total ser\u00e1n 57 nuevos coches anunciados en diciembre, para alcanzar una flota operativa de 690, que se ir\u00e1n incorporando a medida que vayan llegando: 20 para la firma estatal y 37 para la privada. En teor\u00eda, el \u00faltimo lote de 22 coches arribar\u00e1 durante los primeros d\u00edas de marzo.\u00a0Todav\u00eda no hay muchas precisiones sobre a qu\u00e9 l\u00edneas ir\u00edan.<\/p>\n<p>As\u00ed,\u00a0de las 20 unidades que llegar\u00e1n a Rosario, 5 corresponden a la firma estatal y 15 a la privada. La \u00faltima tanda deber\u00eda ser de 8 para Movi y 14 para Rosario Bus. En todos los casos, se trata de buses 0 kil\u00f3metro VW 18.280 con carrocer\u00eda Todobus y modelo Retiro, cuentan con motor trasero de 6 cilindros y caja autom\u00e1tica, y pisos bajos que garantizan la accesibilidad de las personas con sillas de ruedas y cochecitos, as\u00ed como tambi\u00e9n tiene acondicionadores de aire fr\u00edo-calor.<\/p>\n<p>Por el lado de las frecuencias, el pr\u00f3ximo mes la grilla ser\u00e1 igual a la de enero. El esquema de verano se levanta reci\u00e9n en marzo con el comienzo de clases y la mayor demanda.<\/p>\n<p><strong>Desfusiones \u2002\u2002<\/strong><br \/>\nEn tanto,\u00a0el pr\u00f3ximo lunes 6 de febrero habr\u00e1 varias desfusiones de l\u00edneas de colectivos que hab\u00edan sido unidas durante la emergencia del Covid-19, y cambios de recorridos acordados con vecinales. Una de las modificaciones es que\u00a0se dividir\u00e1 la l\u00ednea 130-146, y ambas retomar\u00e1n sus recorridos pre pandemia, recuperando conectividad en el \u00e1rea central, y ampliando su conexi\u00f3n.<\/p>\n<p>En particular, est\u00e1 previsto que el 146 vuelva a circular por la zona de la Terminal de Omnibus adem\u00e1s de los barrios Martin, Rep\u00fablica de la Sexta, San Mart\u00edn, Tablada, Grandoli y Saladillo, en respuesta a los pedidos de las vecinales 22 de Julio, Empalme Graneros y Avrose e instituciones de Tablada y Saladillo.<\/p>\n<p>En segundo lugar,\u00a0el 143-136-137 volver\u00e1 a su recorrido habitual por calle Calcuta en Las Flores Este, seg\u00fan se pact\u00f3 con la vecinal en el consejo barrial hace unas dos semanas tras el compromiso del intendente por hacer ese cambio.<\/p>\n<p>Adem\u00e1s,\u00a0se modificar\u00e1 el recorrido de las 122 que vuelve de Grandoli a Necochea. En tanto,\u00a0la 106 que iba a volver a su recorrido habitual tambi\u00e9n a Necochea, la dejar\u00e1n por Grandoli\u00a0tras un pedido de los vecinos en una reuni\u00f3n, quienes solicitaron que esa l\u00ednea quede como estaba. Se espera que en los pr\u00f3ximos dos meses haya otros desdoblamientos paulatinos.<\/p>\n<p><strong>Sube\u00a0\u2002\u2002<\/strong><br \/>\nRespecto a la tarifa, no creen que haya novedades hasta marzo. La idea es no tocarla al menos hasta que se implemente\u00a0la Sube, proceso que avanza en buenos t\u00e9rminos y se espera comience a implementarse para el comienzo de clases. De hecho, advirtieron nuevamente que es probable que haya un per\u00edodo de transici\u00f3n en el que convivan ambos sistemas sobre los colectivos.<\/p>\n<p>En ese sentido, ya saldada la instancia pol\u00edtica superior, se est\u00e1n reuniendo los equipos espec\u00edficos de cada \u00e1rea de Naci\u00f3n y el municipio, tanto t\u00e9cnicos como de comunicaci\u00f3n. Y\u00a0la idea es que en el transcurso de febrero se comiencen a instalar las canceladoras para llegar a marzo. En el mientras tanto, est\u00e1n analizando el tema de la red de recarga, cantidad de tarjetas y distintas variables que se tienen que ir ajustando en la previa del inicio.<\/p>\n<h6>Fuente: La Capital<\/h6>\n","protected":false},"excerpt":{"rendered":"<p>Del total, 15 ir\u00e1n a Rosario Bus y 5 a Movi. Adem\u00e1s, en 10 d\u00edas se desfusionar\u00e1n m\u00e1s l\u00edneas y otras retomar\u00e1n sus recorridos habituales<\/p>\n","protected":false},"author":2,"featured_media":133494,"comment_status":"closed","ping_status":"closed","sticky":false,"template":"","format":"standard","meta":{"footnotes":""},"categories":[2],"tags":[10],"class_list":["post-133493","post","type-post","status-publish","format-standard","has-post-thumbnail","hentry","category-informe-municipal","tag-santa-fe"],"_links":{"self":[{"href":"http:\/\/argentinamunicipal.com.ar\/argentina\/wp-json\/wp\/v2\/posts\/133493","targetHints":{"allow":["GET"]}}],"collection":[{"href":"http:\/\/argentinamunicipal.com.ar\/argentina\/wp-json\/wp\/v2\/posts"}],"about":[{"href":"http:\/\/argentinamunicipal.com.ar\/argentina\/wp-json\/wp\/v2\/types\/post"}],"author":[{"embeddable":true,"href":"http:\/\/argentinamunicipal.com.ar\/argentina\/wp-json\/wp\/v2\/users\/2"}],"replies":[{"embeddable":true,"href":"http:\/\/argentinamunicipal.com.ar\/argentina\/wp-json\/wp\/v2\/comments?post=133493"}],"version-history":[{"count":0,"href":"http:\/\/argentinamunicipal.com.ar\/argentina\/wp-json\/wp\/v2\/posts\/133493\/revisions"}],"wp:featuredmedia":[{"embeddable":true,"href":"http:\/\/argentinamunicipal.com.ar\/argentina\/wp-json\/wp\/v2\/media\/133494"}],"wp:attachment":[{"href":"http:\/\/argentinamunicipal.com.ar\/argentina\/wp-json\/wp\/v2\/media?parent=133493"}],"wp:term":[{"taxonomy":"category","embeddable":true,"href":"http:\/\/argentinamunicipal.com.ar\/argentina\/wp-json\/wp\/v2\/categories?post=133493"},{"taxonomy":"post_tag","embeddable":true,"href":"http:\/\/argentinamunicipal.com.ar\/argentina\/wp-json\/wp\/v2\/tags?post=133493"}],"curies":[{"name":"wp","href":"https:\/\/api.w.org\/{rel}","templated":true}]}}