{"id":133500,"date":"2023-01-27T05:32:41","date_gmt":"2023-01-27T08:32:41","guid":{"rendered":"http:\/\/argentinamunicipal.com.ar\/argentina\/?p=133500"},"modified":"2023-01-26T20:37:46","modified_gmt":"2023-01-26T23:37:46","slug":"38-fiesta-nacional-de-la-artesania-de-colon","status":"publish","type":"post","link":"http:\/\/argentinamunicipal.com.ar\/argentina\/38-fiesta-nacional-de-la-artesania-de-colon\/","title":{"rendered":"38\u00b0 Fiesta Nacional de la Artesan\u00eda de Col\u00f3n"},"content":{"rendered":"<p>Con una gran expectativa tras la presentaci\u00f3n de la grilla de espect\u00e1culos se dieron a conocer m\u00e1s detalles de lo que ser\u00e1 la 38\u00b0 Fiesta Nacional de la Artesan\u00eda de Col\u00f3n, que tendr\u00e1 lugar del 4 al 12 de febrero de 2023. Volver\u00e1 a realizarse sobre la Boulevard Ferrari para garantizar una mejor circulaci\u00f3n, mientras que los espect\u00e1culos se llevar\u00e1n a cabo dentro del predio del Parque Quir\u00f3s.<\/p>\n<p>En la edici\u00f3n 2023 las carpas de artesanos podr\u00e1n visitarse con entrada libre y gratuita durante cuatro d\u00edas por la ma\u00f1ana, y los d\u00edas s\u00e1bado 4 y lunes 6, las entradas tendr\u00e1n precios populares.<\/p>\n<p>Manteniendo las propuestas que se desarrollan durante las \u00faltimas ediciones, habr\u00e1 diversos talleres y formaciones durante la semana de la Fiesta en plazas, lugares p\u00fablicos y en el Centro Artesanal La Casona. Tambi\u00e9n funcionar\u00e1n los patios de comidas, foodtrucks, espacios institucionales y de sabores regionales durante la muestra, as\u00ed tambi\u00e9n como el ya tradicional Patio de Tallistas.<\/p>\n<p>Grilla de espect\u00e1culos<\/p>\n<p>El s\u00e1bado 4 de febrero, en la apertura del \u201cRam\u00f3n Cabrera\u201d se presentar\u00e1n Sergio Torres y La Fiesta (cuarteto) con entradas a bajo precio.<\/p>\n<p>El domingo 5, el cuarteto ser\u00e1 protagonista con Lucas Sugo y el show de Rodrigo Romero (tributo a Rodrigo).<\/p>\n<p>El lunes 6 cantar\u00e1 Natalia Pastorutti, mientras que el martes 7 se presentar\u00e1n Kapanga y Nonpalidece.<\/p>\n<p>El mi\u00e9rcoles 8 ser\u00e1 la noche de Entre Rios, la cual se realiza todos los a\u00f1os con entrada libre y gratuita por la noche, y contar\u00e1 con la actuaci\u00f3n de La Banda de la Polic\u00eda, Monchito Merlo y Las Voces de Montiel.<\/p>\n<p>El jueves 9, vuelve Divididos a la regi\u00f3n, acompa\u00f1ados de Nice Guys tributo a Green Day y Lucho al Attaque 77, mientras que el viernes 10 ser\u00e1 la noche tropical con La Delio Valdez y Onda Sabanera.<\/p>\n<p>Durante las \u00faltimas dos noches se presentar\u00e1n Sobredosis de TV (tributo a Soda), VIrus y Fabiana Cantilo durante s\u00e1bado 11); y Daniel Agostini y Los Palmae el domingo 12.<\/p>\n<h6>Fuente: miradorprovincial.com<\/h6>\n","protected":false},"excerpt":{"rendered":"<p>La Fiesta de Artesan\u00eda m\u00e1s importante del pa\u00eds se realizar\u00e1 del 4 al 12 de febrero. El rubro destacado de este a\u00f1o ser\u00e1n el asta y el hueso.<\/p>\n","protected":false},"author":2,"featured_media":133501,"comment_status":"closed","ping_status":"closed","sticky":false,"template":"","format":"standard","meta":{"footnotes":""},"categories":[47],"tags":[17],"class_list":["post-133500","post","type-post","status-publish","format-standard","has-post-thumbnail","hentry","category-fiestas","tag-entre-rios"],"_links":{"self":[{"href":"http:\/\/argentinamunicipal.com.ar\/argentina\/wp-json\/wp\/v2\/posts\/133500","targetHints":{"allow":["GET"]}}],"collection":[{"href":"http:\/\/argentinamunicipal.com.ar\/argentina\/wp-json\/wp\/v2\/posts"}],"about":[{"href":"http:\/\/argentinamunicipal.com.ar\/argentina\/wp-json\/wp\/v2\/types\/post"}],"author":[{"embeddable":true,"href":"http:\/\/argentinamunicipal.com.ar\/argentina\/wp-json\/wp\/v2\/users\/2"}],"replies":[{"embeddable":true,"href":"http:\/\/argentinamunicipal.com.ar\/argentina\/wp-json\/wp\/v2\/comments?post=133500"}],"version-history":[{"count":0,"href":"http:\/\/argentinamunicipal.com.ar\/argentina\/wp-json\/wp\/v2\/posts\/133500\/revisions"}],"wp:featuredmedia":[{"embeddable":true,"href":"http:\/\/argentinamunicipal.com.ar\/argentina\/wp-json\/wp\/v2\/media\/133501"}],"wp:attachment":[{"href":"http:\/\/argentinamunicipal.com.ar\/argentina\/wp-json\/wp\/v2\/media?parent=133500"}],"wp:term":[{"taxonomy":"category","embeddable":true,"href":"http:\/\/argentinamunicipal.com.ar\/argentina\/wp-json\/wp\/v2\/categories?post=133500"},{"taxonomy":"post_tag","embeddable":true,"href":"http:\/\/argentinamunicipal.com.ar\/argentina\/wp-json\/wp\/v2\/tags?post=133500"}],"curies":[{"name":"wp","href":"https:\/\/api.w.org\/{rel}","templated":true}]}}