{"id":133529,"date":"2023-01-30T05:00:17","date_gmt":"2023-01-30T08:00:17","guid":{"rendered":"http:\/\/argentinamunicipal.com.ar\/argentina\/?p=133529"},"modified":"2023-01-30T06:17:54","modified_gmt":"2023-01-30T09:17:54","slug":"con-obras-y-mejoras-rosario-formaliza-diez-ferias-populares-en-los-barrios","status":"publish","type":"post","link":"http:\/\/argentinamunicipal.com.ar\/argentina\/con-obras-y-mejoras-rosario-formaliza-diez-ferias-populares-en-los-barrios\/","title":{"rendered":"Con obras y mejoras Rosario formaliza diez ferias populares en los barrios"},"content":{"rendered":"<p>La ordenanza de diciembre de 2022 ratific\u00f3 la labor que se ven\u00eda haciendo desde la Direcci\u00f3n de Econom\u00eda Popular del municipio. Actualmente hay registrados 6 mil feriantes, dos mil m\u00e1s que en el retorno de la pandemia, en febrero de 2021<\/p>\n<p>Con\u00a0obras de mejoras e iluminaci\u00f3n, as\u00ed como el reordenamiento del espacio p\u00fablico, las\u00a0diez ferias de la econom\u00eda popular\u00a0que funcionan en los barrios de la ciudad se consolidan desde el retorno de la pandemia y ahora a\u00fan m\u00e1s con la\u00a0ordenanza aprobada en diciembre de 2021. \u00abAcompa\u00f1amos el armado de las comisiones en cada una de las ferias, adem\u00e1s de un espacio interferia, as\u00ed como el reordenamiento de los espacios p\u00fablicos y la posibilidad de obras de mejoras ya hechos en varias de ellas y otros por encarar este a\u00f1o\u00bb, dijo la\u00a0directora de Econom\u00eda Popular de la Municipalidad, Claudia Fleitas, convencida que \u00abeste es el piso\u00bb para trabajar con los m\u00e1s de\u00a06 mil feriantes\u00a0que integran los espacios.<\/p>\n<p>Para febrero de 2021, cuando las ferias volvieron a la actividad tras la pandemia de Covid, el retorno fue de a poco. Se contabilizaron para entonces unas siete ferias en los distritos con unas cuatro mil familias que concurr\u00edan para su subsistencia. Actualmente, ya son 6 mil los feriantes registrados por la direcci\u00f3n en una decena de espacios y\u00a0llegan a ser 7 mil para las temporadas altas, como son Navidad y Fin de A\u00f1o, inicio de clases y D\u00eda del Ni\u00f1o.<\/p>\n<p>En la zona oeste, funcionan la feria El Tanque, una de m\u00e1s grande con 1.500 feriantes cada fin de semana en Roulli\u00f3n y Abor\u00edgenes Argentinos, justo frente la Escuela Carlos Fuentealba; cerca de all\u00ed est\u00e1 La placita. Adem\u00e1s, tambi\u00e9n en ese distrito est\u00e1n El Eucaliptal, sobre bulevar Segu\u00ed, y Quinta Luciani.<\/p>\n<p>En el sur, cerca del Parque Regional, se suma la que llega el nombre de Homero Mansi, en el norte est\u00e1n las de la llamada Zona Cero -formalmente barrio Fontanarrosa- y la de Casiano Casas, mientras que el distrito noroeste est\u00e1n la Pocho Lepratti en la plaza de barrio Ludue\u00f1a y la llamada Chaco, en Empalme Graneros que se extiende en G\u00e9nova y la v\u00eda. Incipiente, en Las Flores, funciona algunos fines de semana una en la plaza Itat\u00ed.<\/p>\n<p><strong>Mejoras y reconocimiento<\/strong><br \/>\n\u00abLo que podemos decir es que en este tiempo rompimos con el paradigma de que el espacio p\u00fablico y la obra p\u00fablica es solo cemento, sino reconocer los actores que hacen a esos lugares y eso pas\u00f3 ya en algunos de estos lugares donde\u00a0se hicieron mejoras que reconocen a los feriantes y a sus puestos de trabajo\u00bb, se\u00f1al\u00f3 Fleitas.<\/p>\n<p>Como ejemplo, se\u00f1al\u00f3 la reconstrucci\u00f3n de la Plaza Pocho Lepratti, donde a la hora de planificar las obras se\u00f1al\u00f3 que \u00abse tuvieron en cuenta los puestos, se plasmaron lugares donde pueden instalarse con su mercader\u00eda y es una muestra de que la obra p\u00fablica se complementa con su presencia, los reconoce y los revaloriza\u00bb, acot\u00f3.<\/p>\n<p>Otro de los arreglos se hizo en una de las ferias m\u00e1s grandes de la ciudad, El Tanque. \u00abAll\u00ed el funcionamiento depend\u00eda del clima porque ante las lluvias era un barrial, mientras que ahora hay un\u00a0play\u00f3n que se puede usar toda la semana y que los fines de semana, pero que los s\u00e1bados y domingos es de la feria\u00bb, explic\u00f3 la directora.<\/p>\n<p>En esa misma zona, est\u00e1n pensando en c\u00f3mo entubar las zanjas para ganar espacios en las veredas y evitar as\u00ed la obstaculizaci\u00f3n de la calle.<\/p>\n<p>En el Eucaliptal, frente el Polideportivo Deliot, las obras fueron algo m\u00e1s ambiciosas en un espacio que m\u00e1s de una vez aparec\u00eda en estado de abandono. Se demarcaron los caminos de ingreso, se coloc\u00f3 alumbrado y se instal\u00f3 un \u00e1rea de juegos que no exist\u00eda.<\/p>\n<p>\u00abAhora se est\u00e1 terminando ese trabajo y para este a\u00f1o tenemos pensados algunos arreglos para Quinta Luciani en la zona oeste y en la Homero Manzi\u00bb, adelant\u00f3 la directora para la zona sur y si bien se\u00f1al\u00f3 que el tiempo de la pandemia \u00abquit\u00f3 tiempo y presupuesto de obras y trabajo\u00bb afirm\u00f3 que de ac\u00e1 al final del a\u00f1o \u00abse har\u00e1 lo m\u00e1s que se pueda\u00bb.<\/p>\n<p><strong>La ordenanza marco<\/strong><br \/>\nSi bien el trabajo de reordenamiento de los espacios se viene llevando adelante desde el inicio de la gesti\u00f3n, la\u00a0ordenanza aprobada en diciembre del a\u00f1o pasado, en la \u00faltima sesi\u00f3n del Concejo Municipal, le dio un marco de permanencia en el tiempo.<\/p>\n<p>El texto, presentado originalmente en 2016 por el ahora diputado Eduardo Toniolli, reingresado en 2018 y en 2020,\u00a0regula el uso del espacio p\u00fablico, d\u00edas y horarios de funcionamiento, y facilita el control sobre la legalidad de los productos que se ofrecen.<\/p>\n<p>\u00abLo que hizo la ordenanza es plasmar lo que ven\u00edamos haciendo desde el 2020, cuando aprovechamos el parate de la pandemia para pensar y trabajar en este tema desde Econom\u00eda Popular: las medidas de los tablones, cu\u00e1ntos tablones puede haber por familia o por feriante, c\u00f3mo se usa el espacio publico, los certificados de manipulaci\u00f3n de alimentos, las caracter\u00edsticas para los manteros, las log\u00edsticas de armado y de limpieza y todo lo relativo a la organizaci\u00f3n\u00bb, detall\u00f3.<\/p>\n<p>As\u00ed y todo, Fleitas est\u00e1 convencida de que para este proceso de reordenamiento de las ferias \u00abeste es el piso a partir del cual hay que trabajar\u00bb y agreg\u00f3:\u00a0\u00abLa econom\u00eda popular es una econom\u00eda solidaria, cooperativista, no extractivista, donde participan un mont\u00f3n de vecinos, desde el que alquila la vereda, la luz o el agua y vende hielo, y eso genera todo un movimiento interno y en el barrio que no generalmente se ve en la ciudad o que se mira con prejuicios, incluso muchas veces en las \u00e1reas del municipio porque es dif\u00edcil entender los emergentes\u00bb.<\/p>\n<h6>Fuente: La Capital<\/h6>\n","protected":false},"excerpt":{"rendered":"<p>La ordenanza de diciembre de 2022 ratific\u00f3 la labor que se ven\u00eda haciendo desde la Direcci\u00f3n de Econom\u00eda Popular del municipio. Actualmente hay registrados 6 mil feriantes, dos mil m\u00e1s que en el retorno de la pandemia, en febrero de 2021<\/p>\n","protected":false},"author":2,"featured_media":133530,"comment_status":"closed","ping_status":"closed","sticky":false,"template":"","format":"standard","meta":{"footnotes":""},"categories":[2],"tags":[10],"class_list":["post-133529","post","type-post","status-publish","format-standard","has-post-thumbnail","hentry","category-informe-municipal","tag-santa-fe"],"_links":{"self":[{"href":"http:\/\/argentinamunicipal.com.ar\/argentina\/wp-json\/wp\/v2\/posts\/133529","targetHints":{"allow":["GET"]}}],"collection":[{"href":"http:\/\/argentinamunicipal.com.ar\/argentina\/wp-json\/wp\/v2\/posts"}],"about":[{"href":"http:\/\/argentinamunicipal.com.ar\/argentina\/wp-json\/wp\/v2\/types\/post"}],"author":[{"embeddable":true,"href":"http:\/\/argentinamunicipal.com.ar\/argentina\/wp-json\/wp\/v2\/users\/2"}],"replies":[{"embeddable":true,"href":"http:\/\/argentinamunicipal.com.ar\/argentina\/wp-json\/wp\/v2\/comments?post=133529"}],"version-history":[{"count":0,"href":"http:\/\/argentinamunicipal.com.ar\/argentina\/wp-json\/wp\/v2\/posts\/133529\/revisions"}],"wp:featuredmedia":[{"embeddable":true,"href":"http:\/\/argentinamunicipal.com.ar\/argentina\/wp-json\/wp\/v2\/media\/133530"}],"wp:attachment":[{"href":"http:\/\/argentinamunicipal.com.ar\/argentina\/wp-json\/wp\/v2\/media?parent=133529"}],"wp:term":[{"taxonomy":"category","embeddable":true,"href":"http:\/\/argentinamunicipal.com.ar\/argentina\/wp-json\/wp\/v2\/categories?post=133529"},{"taxonomy":"post_tag","embeddable":true,"href":"http:\/\/argentinamunicipal.com.ar\/argentina\/wp-json\/wp\/v2\/tags?post=133529"}],"curies":[{"name":"wp","href":"https:\/\/api.w.org\/{rel}","templated":true}]}}