{"id":13354,"date":"2014-08-13T09:36:59","date_gmt":"2014-08-13T12:36:59","guid":{"rendered":"http:\/\/argentinamunicipal.com.ar\/argentina\/?p=13354"},"modified":"2014-08-13T09:36:59","modified_gmt":"2014-08-13T12:36:59","slug":"ola-migratoria-sacude-el-sur-de-espana","status":"publish","type":"post","link":"http:\/\/argentinamunicipal.com.ar\/argentina\/ola-migratoria-sacude-el-sur-de-espana\/","title":{"rendered":"Ola migratoria sacude el sur de Espa\u00f1a"},"content":{"rendered":"<div id=\"attachment_13355\" style=\"width: 652px\" class=\"wp-caption aligncenter\"><a href=\"http:\/\/argentinamunicipal.com.ar\/argentina\/wp-content\/uploads\/2014\/08\/migraciones.jpg\"><img loading=\"lazy\" decoding=\"async\" aria-describedby=\"caption-attachment-13355\" class=\"size-full wp-image-13355\" src=\"http:\/\/argentinamunicipal.com.ar\/argentina\/wp-content\/uploads\/2014\/08\/migraciones.jpg\" alt=\"A salvo. Las buenas condiciones meteorol\u00f3gicas con ligero viento incentivaron a muchos a lanzarse al mar a bordo de botes inflables\" width=\"642\" height=\"366\" srcset=\"http:\/\/argentinamunicipal.com.ar\/argentina\/wp-content\/uploads\/2014\/08\/migraciones.jpg 642w, http:\/\/argentinamunicipal.com.ar\/argentina\/wp-content\/uploads\/2014\/08\/migraciones-300x171.jpg 300w\" sizes=\"auto, (max-width: 642px) 100vw, 642px\" \/><\/a><p id=\"caption-attachment-13355\" class=\"wp-caption-text\">A salvo. Las buenas condiciones meteorol\u00f3gicas con ligero viento incentivaron a muchos a lanzarse al mar a bordo de botes inflables<\/p><\/div>\n<p>M\u00e1s de 830 personas a bordo de 84 botes fueron rescatadas ayer, en el d\u00eda de mayor afluencia de \u201cpateras\u201d en la historia espa\u00f1ola.<\/p>\n<p>Unos 1.800 inmigrantes \u201csin papeles\u201d intentaron alcanzar territorio espa\u00f1ol en los \u00faltimos dos d\u00edas, ya sea saltando la valla fronteriza de Melilla, enclave espa\u00f1ol del norte de \u00c1frica, o cruzando el Estrecho de Gibraltar en botes inflables de juguete, en la mayor tentativa de este tipo en la historia espa\u00f1ola.<\/p>\n<p>No se produc\u00edan hechos similares desde la crisis migratoria de 2005, cuando Espa\u00f1a reforz\u00f3 las vallas fronterizas de los enclaves de Ceuta y Melilla, y los episodios de las precarias embarcaciones como \u201ccayucos\u201d y \u201cpateras\u201d que arribaban de forma constante en 2006 a las costas de las islas Canarias.<\/p>\n<p>En cuanto a las llegadas por mar, la novedad es su volumen, ya que si bien son recurrentes, esta vez \u201cse concentraron en un solo d\u00eda\u201d, asegur\u00f3 a la prensa Mikel Aragua, responsable de la organizaci\u00f3n Andaluc\u00eda Acoge, que asiste a los \u201csin papeles\u201d que llegan al sur de la pen\u00ednsula.<\/p>\n<p>Los servicios de rescate espa\u00f1oles se vieron sorprendidos ayer por al menos 84 embarcaciones, con un total de 835 inmigrantes en ellas, seg\u00fan la informaci\u00f3n de Salvamento Mar\u00edtimo y la Cruz Roja de C\u00e1diz. Entre las personas que se lanzaron a cruzar el estrecho hab\u00eda 707 varones, 98 mujeres y 30 menores. Sumando los casos del lunes, son m\u00e1s de 1.100 personas las que fueron rescatadas.<\/p>\n<p>Los inmigrantes partieron desde las playas de Marruecos a bordo de botes inflables de juguete.<\/p>\n<p>Una de las mujeres estaba embarazada y fue trasladada de inmediato a un hospital para ser asistida, de acuerdo con fuentes de la Cruz Roja.<\/p>\n<p>En la \u00e9poca estival es habitual que los inmigrantes recurran a esta pr\u00e1ctica, aprovechando el mar calmo y evitando a las mafias de las \u201cpateras\u201d.<\/p>\n<p>Debido a la inesperada llegada y a que los centros de recepci\u00f3n est\u00e1n colapsados, las autoridades de C\u00e1diz habilitaron un polideportivo para dar cobijo a los inmigrantes.<\/p>\n<div id=\"attachment_13356\" style=\"width: 660px\" class=\"wp-caption aligncenter\"><a href=\"http:\/\/argentinamunicipal.com.ar\/argentina\/wp-content\/uploads\/2014\/08\/image53eac046939850.84622925.jpg\"><img loading=\"lazy\" decoding=\"async\" aria-describedby=\"caption-attachment-13356\" class=\" wp-image-13356\" src=\"http:\/\/argentinamunicipal.com.ar\/argentina\/wp-content\/uploads\/2014\/08\/image53eac046939850.84622925.jpg\" alt=\"Cientos de africanos subsaharianos, rescatados en el estrecho de Gibraltar.\" width=\"650\" height=\"422\" srcset=\"http:\/\/argentinamunicipal.com.ar\/argentina\/wp-content\/uploads\/2014\/08\/image53eac046939850.84622925.jpg 787w, http:\/\/argentinamunicipal.com.ar\/argentina\/wp-content\/uploads\/2014\/08\/image53eac046939850.84622925-300x194.jpg 300w\" sizes=\"auto, (max-width: 650px) 100vw, 650px\" \/><\/a><p id=\"caption-attachment-13356\" class=\"wp-caption-text\">Cientos de africanos subsaharianos, rescatados en el estrecho de Gibraltar.<\/p><\/div>\n<h3>Dos explicaciones<\/h3>\n<p>Las autoridades espa\u00f1oles destacaron que el aumento del control de las fronteras de Melilla y Ceuta explica el cambio de flujo y que se dispararan las llegadas por mar.<\/p>\n<p>Sin embargo, la portavoz de la organizaci\u00f3n Caminando Frontera, Helena Maleno, quien presta asistencia en Marruecos, dijo que los inmigrantes recibieron noticias de que los guardias marroqu\u00edes en T\u00e1nger no estaban controlando las playas y que pod\u00edan intentar cruzar el estrecho por su propia cuenta en los botes inflables.<\/p>\n<p>A principios de a\u00f1o, el gobierno espa\u00f1ol de Mariano Rajoy alert\u00f3 de una presi\u00f3n migratoria \u201csin precedentes\u201d y pidi\u00f3 ayuda de emergencia a la Uni\u00f3n Europea (UE).<\/p>\n<p>Fue en pleno esc\u00e1ndalo por las acciones represivas de los guardias fronterizos de Ceuta, que lanzaron gases lacrim\u00f3genos y balas de goma contra un grupo de inmigrantes que intentaba llegar a nado a territorio espa\u00f1ol, de los cuales 16 murieron ahogados.<\/p>\n<p>\u201cUnas 40 mil personas est\u00e1n esperando para saltar desde Marruecos y centenares de miles esperan m\u00e1s abajo\u201d, lleg\u00f3 a asegurar el ministro de Interior espa\u00f1ol, Jorge Fern\u00e1ndez D\u00edaz, a principios de marzo, en el momento en que la UE cuestion\u00f3 y pidi\u00f3 explicaciones por aquellos hechos.<\/p>\n<p>Espa\u00f1a recibi\u00f3 recientemente 10 millones de euros de la UE para reforzar la frontera de Melilla.<\/p>\n<p>Pese a ello, unos 700 inmigrantes, en dos grupos, intentaron ayer saltar la valla fronteriza, de los cuales unos 30 lo lograron.<\/p>\n<p>En la zona del R\u00edo de Oro, donde se produjo el segundo salto, unos 50 inmigrantes permanecieron durante horas aferrados a la valla exterior, como en ocasiones anteriores, hasta que desistieron en su intento.<\/p>\n<p>El refuerzo de las fronteras y la represi\u00f3n, as\u00ed como la situaci\u00f3n de crisis que vive Espa\u00f1a, parecen no tener ante los inmigrantes el efecto disuasorio deseado, muchos de ellos j\u00f3venes subsaharianos que siguen escapando de situaciones de precariedad econ\u00f3mica y violencia en busca de un futuro mejor.<\/p>\n<h3>Cuatro a\u00f1os significativos<\/h3>\n<p><strong>2005.<\/strong> Fue un a\u00f1o cr\u00edtico y dio lugar a lo que se llam\u00f3 \u201ccrisis de las vallas\u201d. Ese a\u00f1o, m\u00e1s de 5.500 inmigrantes accedieron a territorio espa\u00f1ol a trav\u00e9s de las vallas de Ceuta y Melilla.<\/p>\n<p><strong>2006.<\/strong> La entrada de inmigrantes a trav\u00e9s de las ciudades aut\u00f3nomas se suaviz\u00f3, pero fue el a\u00f1o de la llamada \u201ccrisis de los cayucos\u201d. Las costas espa\u00f1olas se vieron desbordadas con la llegada de 39.180 irregulares, principalmente Canarias.<\/p>\n<p><strong>2010.<\/strong> Fue un a\u00f1o especialmente significativo en la disminuci\u00f3n de la entrada de inmigrantes, registr\u00e1ndose la menor cifra de toda la d\u00e9cada.<\/p>\n<p><strong>2013.<\/strong> Llegaron a Ceuta y Melilla m\u00e1s de 3.600 inmigrantes irregulares, la cifra m\u00e1s alta desde el a\u00f1o 2005. A su vez, 4.370 personas lo hicieron a trav\u00e9s de las costas.<\/p>\n<h6>Fuente: La Voz del Interior<\/h6>\n","protected":false},"excerpt":{"rendered":"<p>M\u00e1s de 830 personas a bordo de 84 botes fueron rescatadas ayer, en el d\u00eda de mayor afluencia de \u201cpateras\u201d en la historia espa\u00f1ola. Unos 1.800 inmigrantes \u201csin papeles\u201d intentaron alcanzar territorio espa\u00f1ol en los \u00faltimos dos d\u00edas, ya sea saltando la valla fronteriza de Melilla, enclave espa\u00f1ol del norte de \u00c1frica, o cruzando el<\/p>\n","protected":false},"author":2,"featured_media":13356,"comment_status":"closed","ping_status":"closed","sticky":false,"template":"","format":"standard","meta":{"footnotes":""},"categories":[22],"tags":[57],"class_list":["post-13354","post","type-post","status-publish","format-standard","has-post-thumbnail","hentry","category-el-mundo","tag-el-mundo"],"_links":{"self":[{"href":"http:\/\/argentinamunicipal.com.ar\/argentina\/wp-json\/wp\/v2\/posts\/13354","targetHints":{"allow":["GET"]}}],"collection":[{"href":"http:\/\/argentinamunicipal.com.ar\/argentina\/wp-json\/wp\/v2\/posts"}],"about":[{"href":"http:\/\/argentinamunicipal.com.ar\/argentina\/wp-json\/wp\/v2\/types\/post"}],"author":[{"embeddable":true,"href":"http:\/\/argentinamunicipal.com.ar\/argentina\/wp-json\/wp\/v2\/users\/2"}],"replies":[{"embeddable":true,"href":"http:\/\/argentinamunicipal.com.ar\/argentina\/wp-json\/wp\/v2\/comments?post=13354"}],"version-history":[{"count":0,"href":"http:\/\/argentinamunicipal.com.ar\/argentina\/wp-json\/wp\/v2\/posts\/13354\/revisions"}],"wp:featuredmedia":[{"embeddable":true,"href":"http:\/\/argentinamunicipal.com.ar\/argentina\/wp-json\/wp\/v2\/media\/13356"}],"wp:attachment":[{"href":"http:\/\/argentinamunicipal.com.ar\/argentina\/wp-json\/wp\/v2\/media?parent=13354"}],"wp:term":[{"taxonomy":"category","embeddable":true,"href":"http:\/\/argentinamunicipal.com.ar\/argentina\/wp-json\/wp\/v2\/categories?post=13354"},{"taxonomy":"post_tag","embeddable":true,"href":"http:\/\/argentinamunicipal.com.ar\/argentina\/wp-json\/wp\/v2\/tags?post=13354"}],"curies":[{"name":"wp","href":"https:\/\/api.w.org\/{rel}","templated":true}]}}