{"id":133550,"date":"2023-01-31T05:30:17","date_gmt":"2023-01-31T08:30:17","guid":{"rendered":"http:\/\/argentinamunicipal.com.ar\/argentina\/?p=133550"},"modified":"2023-01-30T20:05:59","modified_gmt":"2023-01-30T23:05:59","slug":"acueducto-santa-fe-cordoba-tendra-una-verdadera-integracion-que-acerca-pueblos-y-la-posibilidad-de-igualar-derechos","status":"publish","type":"post","link":"http:\/\/argentinamunicipal.com.ar\/argentina\/acueducto-santa-fe-cordoba-tendra-una-verdadera-integracion-que-acerca-pueblos-y-la-posibilidad-de-igualar-derechos\/","title":{"rendered":"Acueducto Santa fe &#8211; C\u00f3rdoba: \u00abTendr\u00e1 una verdadera integraci\u00f3n, que acerca pueblos y la posibilidad de igualar derechos\u00bb"},"content":{"rendered":"<p>Los gobernadores de Santa Fe y C\u00f3rdoba presentaron la apertura de sobres para comenzar a ejecutar la obra que beneficiar\u00e1 a 54 localidades y a m\u00e1s de 400 mil habitantes de ambas provincias<\/p>\n<p>Los\u00a0gobernadores de Santa Fe y C\u00f3rdoba, Omar Perotti y Juan Schiaretti, realizaron este lunes la apertura de ofertas econ\u00f3micas para la ejecuci\u00f3n de la primera etapa del Acueducto Interprovincial. Para el titular de la Casa Gris, la obra representa una \u201csoluci\u00f3n para problemas de much\u00edsimos a\u00f1os\u201d en el acceso al agua potable y celebr\u00f3 el trabajo mancomunado de ambas provincias.<\/p>\n<p>\u201cSe corona un trabajo de mucho tiempo, que genera expectativas importantes en la consolidaci\u00f3n de estas distintas fases del proyecto t\u00e9cnico\u201d, expres\u00f3 Perotti en el acto desde la localidad cordobesa de San Francisco, sobre una obra que \u201cno se va a terminar\u201d durante su mandato pero que dejar\u00e1 \u201cencaminada\u201d.<\/p>\n<p>\u00abTendr\u00e1 una verdadera integraci\u00f3n, que acerca pueblos y la posibilidad de igualar derechos. Es la segunda obra de car\u00e1cter biprovincial de magnitud en la historia de la provincia, la primera fue el t\u00fanel subfluvial con Entre R\u00edos\u201d, agreg\u00f3.<\/p>\n<p>Para realizar la obra, Santa Fe y C\u00f3rdoba obtuvieron un cr\u00e9dito por 50 millones de d\u00f3lares del Fondo Kuwait\u00ed para el Desarrollo Econ\u00f3mico \u00c1rabe.<\/p>\n<p><strong>En qu\u00e9 consiste la obra<\/strong><br \/>\nEl acueducto es una obra estrat\u00e9gica para el abastecimiento de agua potable para las dos provincias, a mediano y largo plazo. Permitir\u00e1 llevar agua del r\u00edo Paran\u00e1 hasta la ciudad de C\u00f3rdoba y beneficiar a su paso a m\u00e1s de 1,2 millones de habitantes pertenecientes a 36 localidades de C\u00f3rdoba y a 47 de Santa Fe.<\/p>\n<p>El proyecto completo est\u00e1 dividido en dos grandes etapas: Coronda-San Francisco, la primera; y San Francisco- C\u00f3rdoba, la segunda. Ambas ser\u00e1n completadas en ocho fases, siendo la primera la que se financiar\u00e1 con este pr\u00e9stamo (Coronda-San Mart\u00edn de las Escobas)<\/p>\n<p>Los trabajos iniciales del gran acueducto (fase 1, bloque A, de la primera etapa), que desde hoy cuentan con la financiaci\u00f3n kuwait\u00ed, consistir\u00e1n en la ejecuci\u00f3n de la obra de toma de agua, una planta potabilizadora, la primera estaci\u00f3n de bombeo y el primer tramo de acueducto troncal.<\/p>\n<p>El presupuesto oficial es de 59.330.958,14 de d\u00f3lares. Las localidades beneficiadas por esta obra son: Barrancas, San Fabi\u00e1n, Arocena, Coronda, Larrechea, San Eugenio, G\u00e1lvez, Gessler, Loma Alta, L\u00f3pez, Campo Piaggio, Colonia Belgrano, San Mart\u00edn de las Escobas, Traill, Ca\u00f1ada Rosqu\u00edn, Casas y Las Bandurrias.<\/p>\n<p>De esta forma quedar\u00e1 materializada la infraestructura de base del todo el sistema que compone la etapa 1 del acueducto interprovincial, facultando la potabilizaci\u00f3n del recurso h\u00eddrico y sirviendo a m\u00e1s de 25.000 habitantes de la localidad de Coronda.<\/p>\n<p>El esquema ir\u00e1 ampliando su cobertura hasta alcanzar la ciudad de San Francisco, en la medida que se concatenen los sucesivos bloques, con un impacto directo e inmediato y dotando de plena operatividad a los componentes de captaci\u00f3n, potabilizaci\u00f3n y distribuci\u00f3n dentro de su alcance.<\/p>\n<h6>Fuente: Uno<\/h6>\n","protected":false},"excerpt":{"rendered":"<p>Los gobernadores de Santa Fe y C\u00f3rdoba presentaron la apertura de sobres para comenzar a ejecutar la obra que beneficiar\u00e1 a 54 localidades y a m\u00e1s de 400 mil habitantes de ambas provincias<\/p>\n","protected":false},"author":2,"featured_media":133551,"comment_status":"closed","ping_status":"closed","sticky":false,"template":"","format":"standard","meta":{"footnotes":""},"categories":[2],"tags":[3,10],"class_list":["post-133550","post","type-post","status-publish","format-standard","has-post-thumbnail","hentry","category-informe-municipal","tag-cordoba","tag-santa-fe"],"_links":{"self":[{"href":"http:\/\/argentinamunicipal.com.ar\/argentina\/wp-json\/wp\/v2\/posts\/133550","targetHints":{"allow":["GET"]}}],"collection":[{"href":"http:\/\/argentinamunicipal.com.ar\/argentina\/wp-json\/wp\/v2\/posts"}],"about":[{"href":"http:\/\/argentinamunicipal.com.ar\/argentina\/wp-json\/wp\/v2\/types\/post"}],"author":[{"embeddable":true,"href":"http:\/\/argentinamunicipal.com.ar\/argentina\/wp-json\/wp\/v2\/users\/2"}],"replies":[{"embeddable":true,"href":"http:\/\/argentinamunicipal.com.ar\/argentina\/wp-json\/wp\/v2\/comments?post=133550"}],"version-history":[{"count":0,"href":"http:\/\/argentinamunicipal.com.ar\/argentina\/wp-json\/wp\/v2\/posts\/133550\/revisions"}],"wp:featuredmedia":[{"embeddable":true,"href":"http:\/\/argentinamunicipal.com.ar\/argentina\/wp-json\/wp\/v2\/media\/133551"}],"wp:attachment":[{"href":"http:\/\/argentinamunicipal.com.ar\/argentina\/wp-json\/wp\/v2\/media?parent=133550"}],"wp:term":[{"taxonomy":"category","embeddable":true,"href":"http:\/\/argentinamunicipal.com.ar\/argentina\/wp-json\/wp\/v2\/categories?post=133550"},{"taxonomy":"post_tag","embeddable":true,"href":"http:\/\/argentinamunicipal.com.ar\/argentina\/wp-json\/wp\/v2\/tags?post=133550"}],"curies":[{"name":"wp","href":"https:\/\/api.w.org\/{rel}","templated":true}]}}