{"id":133556,"date":"2023-01-30T20:18:12","date_gmt":"2023-01-30T23:18:12","guid":{"rendered":"http:\/\/argentinamunicipal.com.ar\/argentina\/?p=133556"},"modified":"2023-01-30T20:18:12","modified_gmt":"2023-01-30T23:18:12","slug":"san-lorenzo-conmemorara-el-210o-aniversario-del-historico-combate-en-tres-dias-de-homenajes-a-san-martin-y-sus-granaderos","status":"publish","type":"post","link":"http:\/\/argentinamunicipal.com.ar\/argentina\/san-lorenzo-conmemorara-el-210o-aniversario-del-historico-combate-en-tres-dias-de-homenajes-a-san-martin-y-sus-granaderos\/","title":{"rendered":"San Lorenzo conmemorar\u00e1 el 210\u00ba aniversario del hist\u00f3rico combate en tres d\u00edas de homenajes a San Mart\u00edn y sus granaderos"},"content":{"rendered":"<p>Las actividades se iniciar\u00e1n el jueves 2 de febrero, mientras que el acto central tendr\u00e1 lugar el s\u00e1bado 4 y contar\u00e1 con un lanzamiento de paracaidistas, la imponente carga de caballer\u00eda y el tradicional desfile c\u00edvico militar<\/p>\n<p>San Lorenzo conmemorar\u00e1 el 210\u00ba aniversario del hist\u00f3rico combate de 1813 en tres d\u00edas plenos de actividades alusivas a la gesta del general San Mart\u00edn y el Regimiento de Granaderos a Caballo.<\/p>\n<p>En primer t\u00e9rmino, el jueves 2 de febrero, a las 19, en el monumento de avenida San Mart\u00edn y bulevar Sargento Cabral con un acto de hermanamiento entre San Lorenzo y las localidades de Yapey\u00fa y Saladas, donde nacieron los pr\u00f3ceres.<\/p>\n<p>Esa misma noche, el 3 de febrero a la cero hora, la Fanfarria del Alto Per\u00fa interpretar\u00e1 el Himno Nacional y la Marcha San Lorenzo en el P\u00f3rtico de la Gloria.<\/p>\n<p>A las 9 del viernes se efectuar\u00e1n izamientos en la plaza San Mart\u00edn, el Pino Hist\u00f3rico y el Campo de la Gloria, y se colocar\u00e1n coronas de laureles en el cementerio del Convento San Carlos, donde descansan los restos de los granaderos ca\u00eddos en combate.<\/p>\n<p>Inmediatamente despu\u00e9s se celebrar\u00e1 un acto en homenaje a los granaderos, se descubrir\u00e1n las placas restituidas en el P\u00f3rtico de la Gloria y se entregar\u00e1n decretos a presidentes de asociaciones sanmartinianas.<\/p>\n<p>A las 19, en tanto, bandas militares de diferentes lugares del pa\u00eds llevar\u00e1n su m\u00fasica a los barrios de la ciudad y confluir\u00e1n en un gran encuentro en el Campo de la Gloria.<\/p>\n<p>Finalmente, el s\u00e1bado 4, a las 19, tambi\u00e9n en el Campo de la Gloria tendr\u00e1 lugar el acto central que contar\u00e1 con un lanzamiento de paracaidistas, la imponente carga de caballer\u00eda del Regimiento de Granaderos a Caballo y el tradicional desfile c\u00edvico militar.<\/p>\n<h6>Fuente: La Capital<\/h6>\n","protected":false},"excerpt":{"rendered":"<p>Las actividades se iniciar\u00e1n el jueves 2 de febrero, mientras que el acto central tendr\u00e1 lugar el s\u00e1bado 4 y contar\u00e1 con un lanzamiento de paracaidistas, la imponente carga de caballer\u00eda y el tradicional desfile c\u00edvico militar<\/p>\n","protected":false},"author":2,"featured_media":133557,"comment_status":"closed","ping_status":"closed","sticky":false,"template":"","format":"standard","meta":{"footnotes":""},"categories":[47],"tags":[21],"class_list":["post-133556","post","type-post","status-publish","format-standard","has-post-thumbnail","hentry","category-fiestas","tag-argentina"],"_links":{"self":[{"href":"http:\/\/argentinamunicipal.com.ar\/argentina\/wp-json\/wp\/v2\/posts\/133556","targetHints":{"allow":["GET"]}}],"collection":[{"href":"http:\/\/argentinamunicipal.com.ar\/argentina\/wp-json\/wp\/v2\/posts"}],"about":[{"href":"http:\/\/argentinamunicipal.com.ar\/argentina\/wp-json\/wp\/v2\/types\/post"}],"author":[{"embeddable":true,"href":"http:\/\/argentinamunicipal.com.ar\/argentina\/wp-json\/wp\/v2\/users\/2"}],"replies":[{"embeddable":true,"href":"http:\/\/argentinamunicipal.com.ar\/argentina\/wp-json\/wp\/v2\/comments?post=133556"}],"version-history":[{"count":0,"href":"http:\/\/argentinamunicipal.com.ar\/argentina\/wp-json\/wp\/v2\/posts\/133556\/revisions"}],"wp:featuredmedia":[{"embeddable":true,"href":"http:\/\/argentinamunicipal.com.ar\/argentina\/wp-json\/wp\/v2\/media\/133557"}],"wp:attachment":[{"href":"http:\/\/argentinamunicipal.com.ar\/argentina\/wp-json\/wp\/v2\/media?parent=133556"}],"wp:term":[{"taxonomy":"category","embeddable":true,"href":"http:\/\/argentinamunicipal.com.ar\/argentina\/wp-json\/wp\/v2\/categories?post=133556"},{"taxonomy":"post_tag","embeddable":true,"href":"http:\/\/argentinamunicipal.com.ar\/argentina\/wp-json\/wp\/v2\/tags?post=133556"}],"curies":[{"name":"wp","href":"https:\/\/api.w.org\/{rel}","templated":true}]}}