{"id":133565,"date":"2023-01-31T05:31:29","date_gmt":"2023-01-31T08:31:29","guid":{"rendered":"http:\/\/argentinamunicipal.com.ar\/argentina\/?p=133565"},"modified":"2023-01-30T20:32:44","modified_gmt":"2023-01-30T23:32:44","slug":"entre-rios-el-nivel-de-ocupacion-en-enero-alcanzo-el-82","status":"publish","type":"post","link":"http:\/\/argentinamunicipal.com.ar\/argentina\/entre-rios-el-nivel-de-ocupacion-en-enero-alcanzo-el-82\/","title":{"rendered":"Entre R\u00edos: el nivel de ocupaci\u00f3n en enero alcanz\u00f3 el 82%"},"content":{"rendered":"<p>Seg\u00fan el sector privado, Entre R\u00edos \u00absigue siendo un destino de paso\u00bb. Las ciudades m\u00e1s elegidas fueron Col\u00f3n, Federaci\u00f3n y Gualeguaych\u00fa.<\/p>\n<p>Entre R\u00edos se fortalece como plaza tur\u00edstica, aunque los operadores consideran que hay aspectos por mejorar.<br \/>\nEntre R\u00edos\u00a0se posicion\u00f3 como uno de los destinos tur\u00edsticos m\u00e1s elegidos en el pa\u00eds durante\u00a0enero. As\u00ed surge de un informe de la C\u00e1mara Entrerriana de Turismo (CET), donde entre otros indicadores se relev\u00f3 el nivel de\u00a0ocupaci\u00f3n, las ciudades con mayor afluencia de visitantes y el promedio de d\u00edas de alojamiento de las personas que veranearon en la provincia. Seg\u00fan el sondeo entre los operadores tur\u00edsticos del sector privado, el promedio de ocupaci\u00f3n durante enero estuvo en el 82%, mientras que la estad\u00eda se prolong\u00f3 por cuatro noches.<\/p>\n<p>Para la CET , en esta temporada se observ\u00f3 una situaci\u00f3n que se hab\u00eda dado en \u00e9pocas de prepandemia: \u201cEl turista usaba a Entre R\u00edos de paso hacia el norte, porque much\u00edsimos que pernoctaban en la provincia eleg\u00edan principalmente las costas de Brasil para vacacionar. No hemos sido elegidos como destino de verano\u201d, advirti\u00f3 en declaraciones a UNO el presidente de la CET, Leonardo Schey.<\/p>\n<p>El dirigente fue m\u00e1s all\u00e1 con su an\u00e1lisis: \u201cEn 2022 y en 2021 pudimos ver a turistas que nos eligieron como destino, y lo atribu\u00edamos a que \u00e9ramos un destino de cercan\u00eda. Y por la preocupaci\u00f3n de que alg\u00fan turista se enferme y que pueda estar cerca de sus ciudades de origen. En esta ocasi\u00f3n no; volvemos a ver lo que se daba desde 2019 para atr\u00e1s, cuando el turista nos tomaba como un destino de paso. Volvimos a esos niveles, donde ten\u00edamos un promedio de turistas por cuatro noches\u201d.<\/p>\n<p>Schey dijo que para medir con certeza el nivel de ocupaci\u00f3n durante enero se deben tener cuenta distintos par\u00e1metros, entre ellos la cantidad de plazas disponibles en la provincia. \u201cSon aproximadamente 40.000 las plazas y si estamos hablando de un 82% de ocupaci\u00f3n promedio, entonces son 32.000 plazas. Pero que esas 32.000 plazas nos hayan elegido para hacer vacaciones en Entre R\u00edos, o que se hayan tomado un fin de semana o tres o cuatro noches, creo que por lo hablado con los dirigentes de distintas partes de la provincia, es tan solo un 30%. El resto de la ocupaci\u00f3n, que equivale a un 52%, es del pernocte del que hace noche y contin\u00faa con su viaje al otro d\u00eda\u201d, precis\u00f3.<\/p>\n<p>M\u00e1s all\u00e1 de las variables que van surgiendo, Schey afirm\u00f3 que el impacto en materia econ\u00f3mica es positivo \u201cporque hay muy buen trabajo, pero todo esto acarrea mayor desgaste, mayor esfuerzo y mayor recambio con lo que tiene que ver con la limpieza y no terminamos de dar a conocer nuestros destinos y todas las cosas lindas que tiene nuestra provincia\u201d.<\/p>\n<p>Mencion\u00f3 el caso de las fiestas populares por su poder de convocatoria y el movimiento tur\u00edstico que generan en diferentes ciudades entrerrianas. \u201cCuando est\u00e1n presentes esos destinos se llenan y la ocupaci\u00f3n es perfecta. Ahora mismo en carnaval experimentamos fines de semana donde la ocupaci\u00f3n llega al 99,9%, pero despu\u00e9s durante la semana bajamos al 50%. Est\u00e1bamos hablando con un dirigente de Paran\u00e1 y nos dec\u00eda que hubo un promedio de ocupaci\u00f3n hasta la segunda quincena de un 55%. Esa es por ah\u00ed la disparidad que vemos respecto de los d\u00edas de semana y de los fines de semana, y de cuando nos eligen y de cuando no nos eligen. Hoy estamos siendo un destino de paso principalmente\u201d, consign\u00f3 el titular de la CET.<\/p>\n<p>Tambi\u00e9n plante\u00f3 que en enero la demanda se orient\u00f3 hacia una segunda opci\u00f3n \u201ccomo fueron las escapadas para pasar unos d\u00edas en Entre R\u00edos\u201d.<\/p>\n<p>La misma fuente indic\u00f3 que entre los turistas que eligieron permanecer durante cuatro noches en Entre R\u00edos, se inclinaron por alojarse en caba\u00f1as, bungalows y en apart hotel. \u201cPor el contrario, encontr\u00e1s que hasta las 19 est\u00e1n pr\u00e1cticamente vac\u00edos y a \u00faltima hora se completa\u201d, describi\u00f3.<\/p>\n<p><strong>Las ciudades preferidas<\/strong><br \/>\nLas ciudades de la costa del Uruguay se convirtieron en los centros tur\u00edsticos m\u00e1s elegidos en temporada estival. Aunque en la lectura de la C\u00e1mara la demanda ha resultado dispar, porque se ha optado por otros destinos no convencionales para esta \u00e9poca. \u201cHemos visto que Villaguay ha recibido much\u00edsimos turistas de C\u00f3rdoba y de Santa Fe, principalmente que toman la ruta por lo que significan las redes sociales. All\u00ed hemos visto que los hacen venir hasta la autov\u00eda 14 por el estado de otras rutas para poder subir hacia el norte. Normalmente se destacan Gualeguaych\u00fa, Col\u00f3n, Concordia, Federaci\u00f3n, por una caracter\u00edstica natural que tiene que ver con la autov\u00eda 14, porque el turismo est\u00e1 eligiendo principalmente las costas del pa\u00eds del norte\u201d, subray\u00f3 Schey.<\/p>\n<p>A la hora de analizar la performance de ese grupo de ciudades, Schey observ\u00f3 que \u201cCol\u00f3n se destaca porque tiene 18.000 plazas, despu\u00e9s te encontr\u00e1s con San Jos\u00e9 que tiene aproximadamente 1.000, Concordia tiene 3.500, Paran\u00e1 tiene otras 3.000 plazas. Entonces es valorable lo de Col\u00f3n, porque justamente es un destino con mucha cantidad de plazas\u201d.<\/p>\n<p><strong>Procedencia de los visitantes<\/strong><br \/>\nEn cuanto a la procedencia de los visitantes que llegaron a Entre R\u00edos, Schey se\u00f1al\u00f3 que arriban principalmente de Buenos Aires, luego Santa Fe y C\u00f3rdoba, en ese orden. \u201cEste a\u00f1o se experiment\u00f3 nuevamente un incremento de visitantes de las provincias de Chaco y de Formosa\u201d, detall\u00f3. El empresario se refiri\u00f3 al comportamiento de los turistas uruguayos y en principio los incluy\u00f3 entre aquellos que pernoctan una noche, \u201cpero principalmente es un turismo de compra, porque al estar tan congestionadas las aduanas prefieren quiz\u00e1s hacer noche y al otro d\u00eda retoman temprano el regreso. Es cierto que se han visto muchos uruguayos, pero somos un destino de compras para ellos\u201d.<\/p>\n<p>En relaci\u00f3n a lo que se proyecta para febrero estim\u00f3: \u201cLas reservas van a bajar, esperemos que esto se revierta; hoy estamos en un 40% y ya a esta altura en otros momentos era de un 70%. Esto nos preocupa, aunque estamos expectantes y creemos que si el turista llega sin reservas previas por lo menos podemos aprovechar y trabajar esta temporada que es necesario\u201d.<\/p>\n<h6>Fuente: Uno<\/h6>\n","protected":false},"excerpt":{"rendered":"<p>Seg\u00fan el sector privado, Entre R\u00edos \u00absigue siendo un destino de paso\u00bb. Las ciudades m\u00e1s elegidas fueron Col\u00f3n, Federaci\u00f3n y Gualeguaych\u00fa.<\/p>\n","protected":false},"author":2,"featured_media":133566,"comment_status":"closed","ping_status":"closed","sticky":false,"template":"","format":"standard","meta":{"footnotes":""},"categories":[65],"tags":[17],"class_list":["post-133565","post","type-post","status-publish","format-standard","has-post-thumbnail","hentry","category-provincias","tag-entre-rios"],"_links":{"self":[{"href":"http:\/\/argentinamunicipal.com.ar\/argentina\/wp-json\/wp\/v2\/posts\/133565","targetHints":{"allow":["GET"]}}],"collection":[{"href":"http:\/\/argentinamunicipal.com.ar\/argentina\/wp-json\/wp\/v2\/posts"}],"about":[{"href":"http:\/\/argentinamunicipal.com.ar\/argentina\/wp-json\/wp\/v2\/types\/post"}],"author":[{"embeddable":true,"href":"http:\/\/argentinamunicipal.com.ar\/argentina\/wp-json\/wp\/v2\/users\/2"}],"replies":[{"embeddable":true,"href":"http:\/\/argentinamunicipal.com.ar\/argentina\/wp-json\/wp\/v2\/comments?post=133565"}],"version-history":[{"count":0,"href":"http:\/\/argentinamunicipal.com.ar\/argentina\/wp-json\/wp\/v2\/posts\/133565\/revisions"}],"wp:featuredmedia":[{"embeddable":true,"href":"http:\/\/argentinamunicipal.com.ar\/argentina\/wp-json\/wp\/v2\/media\/133566"}],"wp:attachment":[{"href":"http:\/\/argentinamunicipal.com.ar\/argentina\/wp-json\/wp\/v2\/media?parent=133565"}],"wp:term":[{"taxonomy":"category","embeddable":true,"href":"http:\/\/argentinamunicipal.com.ar\/argentina\/wp-json\/wp\/v2\/categories?post=133565"},{"taxonomy":"post_tag","embeddable":true,"href":"http:\/\/argentinamunicipal.com.ar\/argentina\/wp-json\/wp\/v2\/tags?post=133565"}],"curies":[{"name":"wp","href":"https:\/\/api.w.org\/{rel}","templated":true}]}}