{"id":133569,"date":"2023-01-31T06:06:39","date_gmt":"2023-01-31T09:06:39","guid":{"rendered":"http:\/\/argentinamunicipal.com.ar\/argentina\/?p=133569"},"modified":"2023-01-31T06:12:51","modified_gmt":"2023-01-31T09:12:51","slug":"mendoza-suarez-y-cornejo-encabezaron-un-conclave-de-la-ucr-con-una-meta-arrebatarle-municipios-al-peronismo","status":"publish","type":"post","link":"http:\/\/argentinamunicipal.com.ar\/argentina\/mendoza-suarez-y-cornejo-encabezaron-un-conclave-de-la-ucr-con-una-meta-arrebatarle-municipios-al-peronismo\/","title":{"rendered":"La mesa chica del radicalismo mendocino prepara el terreno de batalla en los municipios que desdoblan elecciones"},"content":{"rendered":"<p>La Uni\u00f3n C\u00edvica Radical (UCR) mantuvo un encuentro para ultimar detalles respecto al cronograma electoral y el adelantamiento de elecciones en siete departamentos de la provincia.<\/p>\n<p>Los referentes de la Uni\u00f3n C\u00edvica Radical (UCR) mendocina se reunieron este lunes por la tarde con representantes de los siete departamentos de la provincia que adelantar\u00e1n las elecciones este a\u00f1o. Al c\u00f3nclave realizado en la sede ubicada en calle Alem de la Capital asistieron los principales dirigentes del partido.<\/p>\n<p>Quienes encabezaron el encuentro en el comit\u00e9 fueron el gobernador\u00a0Rodolfo Suarez; el presidente del partido a nivel provincial e intendente de Godoy Cruz,\u00a0Tadeo Garc\u00eda Zalazar; el senador nacional\u00a0Alfredo Cornejo\u00a0y el vicegobernador\u00a0Mario Abed.\u00a0Tambi\u00e9n participaron los diputados nacionales Lisandro Nieri, Julio Cobos, Pamela Verasay y Jimena Latorre.<\/p>\n<p>Estuvieron los presidentes de los comit\u00e9s departamentales y concejales de todas las comunas en las que las elecciones fueron adelantadas de forma oficial. Se trata de San Rafael, Maip\u00fa, Lavalle, La Paz, Santa Rosa, Tunuy\u00e1n, todos territorios actualmente gobernados por el peronismo. En tanto, tambi\u00e9n dijeron presente representante de San Carlos, que -pese a pertenecer al frente Cambia Mendoza mediante el Frente Renovador\/Uni\u00f3n Popular -, es el \u00fanico departamento oficialista que se deslig\u00f3 de la estrategia oficialista.<\/p>\n<p>\u00abEl @FrenteCambiaMza ha dado las garant\u00edas para presentarse en estas elecciones, competir y ganar contra el populismo. En los siete departamentos que adelantan ese es nuestro objetivo. Vamos a trabajar con fuerzas y en equipo para continuar mejorando cada rinc\u00f3n de la provincia\u00bb, expres\u00f3\u00a0Cornejo\u00a0una vez concluido el encuentro.<\/p>\n<p>Por su parte, Rodolfo Suarez expres\u00f3: \u00abNos reunimos con representantes de los siete departamentos que desdoblan. Desde el @FrenteCambiaMza vamos a seguir trabajando para fortalecer la coalici\u00f3n y acompa\u00f1ar a la ciudadan\u00eda con informaci\u00f3n para que puedan cumplir con su derecho c\u00edvico\u00bb.<\/p>\n<p>Maip\u00fa y San Rafael son dos territorios que desde la UCR buscan anexar en los comicios de este a\u00f1o. Se trata de dos viejos anhelos en donde el oficialismo intentar\u00e1 pisar fuerte.<\/p>\n<p>En el caso de Maip\u00fa, apuestan por el subsecretario de Relaciones Institucionales del Ministerio de Seguridad,\u00a0N\u00e9stor Majul, que hace meses diagrama su estrategia de campa\u00f1a para presentarse como candidato a intendente.<\/p>\n<p>En lo que respecta a San Rafael, todav\u00eda no hay precandidatos oficializados, pero s\u00ed dirigentes con intenciones. Entre ellos se destacan Francisco Mondotte, presidente del partido en la comuna sure\u00f1a;\u00a0el senador provincial Abel Freidemberg y el vicepresidente del Emetur y exdiputado nacional, Federico Zamarbide.<\/p>\n<h6>Fuente: MDZ<\/h6>\n","protected":false},"excerpt":{"rendered":"<p>La Uni\u00f3n C\u00edvica Radical (UCR) mantuvo un encuentro para ultimar detalles respecto al cronograma electoral y el adelantamiento de elecciones en siete departamentos de la provincia.<\/p>\n","protected":false},"author":2,"featured_media":133570,"comment_status":"closed","ping_status":"closed","sticky":false,"template":"","format":"standard","meta":{"footnotes":""},"categories":[4],"tags":[31],"class_list":["post-133569","post","type-post","status-publish","format-standard","has-post-thumbnail","hentry","category-informe-politico","tag-mendoza"],"_links":{"self":[{"href":"http:\/\/argentinamunicipal.com.ar\/argentina\/wp-json\/wp\/v2\/posts\/133569","targetHints":{"allow":["GET"]}}],"collection":[{"href":"http:\/\/argentinamunicipal.com.ar\/argentina\/wp-json\/wp\/v2\/posts"}],"about":[{"href":"http:\/\/argentinamunicipal.com.ar\/argentina\/wp-json\/wp\/v2\/types\/post"}],"author":[{"embeddable":true,"href":"http:\/\/argentinamunicipal.com.ar\/argentina\/wp-json\/wp\/v2\/users\/2"}],"replies":[{"embeddable":true,"href":"http:\/\/argentinamunicipal.com.ar\/argentina\/wp-json\/wp\/v2\/comments?post=133569"}],"version-history":[{"count":0,"href":"http:\/\/argentinamunicipal.com.ar\/argentina\/wp-json\/wp\/v2\/posts\/133569\/revisions"}],"wp:featuredmedia":[{"embeddable":true,"href":"http:\/\/argentinamunicipal.com.ar\/argentina\/wp-json\/wp\/v2\/media\/133570"}],"wp:attachment":[{"href":"http:\/\/argentinamunicipal.com.ar\/argentina\/wp-json\/wp\/v2\/media?parent=133569"}],"wp:term":[{"taxonomy":"category","embeddable":true,"href":"http:\/\/argentinamunicipal.com.ar\/argentina\/wp-json\/wp\/v2\/categories?post=133569"},{"taxonomy":"post_tag","embeddable":true,"href":"http:\/\/argentinamunicipal.com.ar\/argentina\/wp-json\/wp\/v2\/tags?post=133569"}],"curies":[{"name":"wp","href":"https:\/\/api.w.org\/{rel}","templated":true}]}}