{"id":133621,"date":"2023-02-02T05:17:24","date_gmt":"2023-02-02T08:17:24","guid":{"rendered":"http:\/\/argentinamunicipal.com.ar\/argentina\/?p=133621"},"modified":"2023-02-01T06:25:10","modified_gmt":"2023-02-01T09:25:10","slug":"suarez-convoco-a-elecciones-mendoza-votara-antes-y-con-boleta-unica","status":"publish","type":"post","link":"http:\/\/argentinamunicipal.com.ar\/argentina\/suarez-convoco-a-elecciones-mendoza-votara-antes-y-con-boleta-unica\/","title":{"rendered":"Suarez convoc\u00f3 a elecciones: Mendoza votar\u00e1 antes y con boleta \u00fanica"},"content":{"rendered":"<p>El gobernador Rodolfo Suarez hizo oficial la convocatoria a elecciones. Se votar\u00e1 en las fechas provinciales, antes que en la Naci\u00f3n.<\/p>\n<p>El gobernador Rodolfo Suarez hizo oficial lo que hab\u00eda anunciado el a\u00f1o pasado y convoc\u00f3 a elecciones de manera desdoblada a los comicios nacionales. As\u00ed, en la Provincia se votar\u00e1 el 11 de junio para elegir los candidatos a gobernador, vice y legisladores y el 24 de septiembre ser\u00e1n las elecciones generales para definir el nuevo mandatario.\u00a0 El decreto fue oficializado hoy y tiene otra ratificaci\u00f3n: se votar\u00e1 con el sistema de boleta \u00fanica.<\/p>\n<p>La ley electoral de Mendoza otorga al gobernador la facultad de convocar a\u00a0elecciones\u00a0de manera independiente a las nacionales, pero con fecha fija. Es decir, que se puede votar de manera desdoblada, pero sin elegir cu\u00e1ndo. En caso de optar por el desdoblamiento, se vota siempre, en\u00a0elecciones\u00a0ejecutivas, el segundo domingo de junio en las PASO y el \u00faltimo domingo de septiembre en las generales. Adem\u00e1s del Gobernador, se votar\u00e1 para senadores y diputados provinciales. Hay que recordar que se renuevan por mitades las c\u00e1maras, por lo que se eligen 24 diputados y 18 senadores.<\/p>\n<p>Suarez \u00abinvita\u00bb a los intendentes que no han fijado fecha a\u00fan a adherir a la misma convocatoria. Eso pasar\u00e1 con los 11 municipios oficialistas, que tendr\u00e1n una estrategia electoral conjunta para competir por mantener el poder. Por separado habr\u00e1 elecciones en 7 comunas: 6 gobernadas por el PJ y una, San Carlos, por un aliado d\u00edscolo de Cambia Mendoza.<\/p>\n<p>\u00abConv\u00f3quese al pueblo de la Provincia de Mendoza para que el d\u00eda 11 de junio de 2023, proceda a elegir en\u00a0Elecciones\u00a0Primarias, Abiertas, Simult\u00e1neas y Obligatorias (P.A.S.O.), los candidatos a Gobernador y Vicegobernador, cuyos mandatos expiran el 09 de diciembre de 2023. La elecci\u00f3n se efectuar\u00e1 por el sistema establecido en la Ley N\u00ba 8619, la Ley N\u00ba 9375, sus modificatorias y dem\u00e1s normativa vigente\u00bb, dice el art\u00edculo 1 del Decreto. El resto son similares, convocando a votar por los otros cargos. Y, tambi\u00e9n, convocando para las generales de septiembre.<\/p>\n<p>Mendoza tendr\u00e1 al menos 6 instancias electorales y se podr\u00eda sumar una s\u00e9ptima en el caso de que haya segunda vuelta provincial. Habr\u00e1 elecciones en abril, junio, agosto, septiembre (dos veces), octubre y posiblemente noviembre.<\/p>\n<p>El a\u00f1o pasado se modific\u00f3 la ley electoral para instrumentar de manera obligatoria el sistema de boleta \u00fanica, que elimina as\u00ed la boleta s\u00e1bana. Hasta ahora hab\u00eda sido optativo, pero nunca se hab\u00eda usado, como tampoco se aplic\u00f3 el voto electr\u00f3nico que tambi\u00e9n hab\u00eda sido sancionado por ley.<\/p>\n<p>El desdoblamiento de Mendoza era esperado. Aunque Juntos por el Cambio buscaba una estrategia nacional potente para acompa\u00f1ar a sus candidatos, la provincia hab\u00eda decidido ir por separado para cuidar sus propios intereses y \u00abmostrar\u00bb lo que creen que va a ser un buen resultado. En el resto del pa\u00eds muchas provincias tomaron el mismo camino, oficialistas y opositoras.<\/p>\n<h6>Fuente: MDZ<\/h6>\n<p>&nbsp;<\/p>\n","protected":false},"excerpt":{"rendered":"<p>El gobernador Rodolfo Suarez hizo oficial la convocatoria a elecciones. Se votar\u00e1 en las fechas provinciales, antes que en la Naci\u00f3n.<\/p>\n","protected":false},"author":2,"featured_media":133622,"comment_status":"closed","ping_status":"closed","sticky":false,"template":"","format":"standard","meta":{"footnotes":""},"categories":[4],"tags":[31],"class_list":["post-133621","post","type-post","status-publish","format-standard","has-post-thumbnail","hentry","category-informe-politico","tag-mendoza"],"_links":{"self":[{"href":"http:\/\/argentinamunicipal.com.ar\/argentina\/wp-json\/wp\/v2\/posts\/133621","targetHints":{"allow":["GET"]}}],"collection":[{"href":"http:\/\/argentinamunicipal.com.ar\/argentina\/wp-json\/wp\/v2\/posts"}],"about":[{"href":"http:\/\/argentinamunicipal.com.ar\/argentina\/wp-json\/wp\/v2\/types\/post"}],"author":[{"embeddable":true,"href":"http:\/\/argentinamunicipal.com.ar\/argentina\/wp-json\/wp\/v2\/users\/2"}],"replies":[{"embeddable":true,"href":"http:\/\/argentinamunicipal.com.ar\/argentina\/wp-json\/wp\/v2\/comments?post=133621"}],"version-history":[{"count":0,"href":"http:\/\/argentinamunicipal.com.ar\/argentina\/wp-json\/wp\/v2\/posts\/133621\/revisions"}],"wp:featuredmedia":[{"embeddable":true,"href":"http:\/\/argentinamunicipal.com.ar\/argentina\/wp-json\/wp\/v2\/media\/133622"}],"wp:attachment":[{"href":"http:\/\/argentinamunicipal.com.ar\/argentina\/wp-json\/wp\/v2\/media?parent=133621"}],"wp:term":[{"taxonomy":"category","embeddable":true,"href":"http:\/\/argentinamunicipal.com.ar\/argentina\/wp-json\/wp\/v2\/categories?post=133621"},{"taxonomy":"post_tag","embeddable":true,"href":"http:\/\/argentinamunicipal.com.ar\/argentina\/wp-json\/wp\/v2\/tags?post=133621"}],"curies":[{"name":"wp","href":"https:\/\/api.w.org\/{rel}","templated":true}]}}