{"id":133737,"date":"2023-02-13T06:31:55","date_gmt":"2023-02-13T09:31:55","guid":{"rendered":"http:\/\/argentinamunicipal.com.ar\/argentina\/?p=133737"},"modified":"2023-02-13T06:31:55","modified_gmt":"2023-02-13T09:31:55","slug":"intervienen-1-500-metros-de-veredas-en-el-centro-de-la-ciudad-de-rio-cuarto","status":"publish","type":"post","link":"http:\/\/argentinamunicipal.com.ar\/argentina\/intervienen-1-500-metros-de-veredas-en-el-centro-de-la-ciudad-de-rio-cuarto\/","title":{"rendered":"Intervienen 1.500 metros de veredas en el centro de la ciudad de R\u00edo Cuarto"},"content":{"rendered":"<p>Los arreglos se suman a los trabajos de se\u00f1al\u00e9tica, cord\u00f3n cuneta, iluminaci\u00f3n con tecnolog\u00eda led y ornamentaciones florales. As\u00ed, se apuesta a revalorizar ese sector<\/p>\n<p>En el marco de las obras de puesta en valor del centro y microcentro de la ciudad, la Secretar\u00eda de Servicios P\u00fablicos est\u00e1 llevando a cabo tareas de mantenimiento y arreglo de veredas, las cuales se suman a los trabajos ya ejecutados de se\u00f1al\u00e9tica, cord\u00f3n cuneta, iluminaci\u00f3n con tecnolog\u00eda led y ornamentaciones florales, entre otros.<\/p>\n<p>As\u00ed lo inform\u00f3 en el lugar el secretario de Servicios P\u00fablicos, Marcelo Bressan, quien sostuvo: \u201cEl intendente Llamosas hab\u00eda planteado bien claro la importancia de poner en valor el microcentro y as\u00ed se ve reflejado en lo que hemos hecho con la Plaza Roca, la nueva luminaria y las tareas de ornamentaci\u00f3n\u201d.<\/p>\n<p>\u201cEn ese marco, se ha tomado la decisi\u00f3n de avanzar en el arreglo de las veredas m\u00e1s deterioradas del micro y macrocentro, por lo cual se van a intervenir 1.500 metros cuadrados, que es realmente un n\u00famero importante\u201d, agreg\u00f3 el funcionario.<\/p>\n<p>En ese sentido, los trabajos se han realizado en la Plaza Roca y a partir de ah\u00ed se van a ir ampliando hacia el micro y macrocentro, con el objetivo no solo de embellecer los espacios, sino tambi\u00e9n para mejorar la accesibilidad a las personas que tengan movilidad reducida, a los adultos mayores y los padres y madres con cochecitos.<\/p>\n<p>En rigor, adem\u00e1s de los arreglos de veredas y cord\u00f3n cuneta para mejorar la accesibilidad, en el sector del microcentro se realizaron trabajos de demarcaci\u00f3n vial horizontal y se\u00f1al\u00e9tica en sendas peatonales, y se instalaron macetas y canteros ornamentales en las columnas de iluminaci\u00f3n, las cuales tambi\u00e9n cuentan con la protecci\u00f3n de pintura antivand\u00e1lica.<\/p>\n<p>Asimismo, cabe mencionar que estas mejoras se complementan con los trabajos previstos por el inminente comienzo de las obras relacionadas con la creaci\u00f3n del Centro Comercial a Cielo Abierto sobre calle Alvear, el cual fue anunciado a fines del a\u00f1o pasado por el gobernador Juan Schiaretti y el intendente Juan Manuel Llamosas.<\/p>\n<p>En ese sector, est\u00e1 prevista la intervenci\u00f3n sobre tres cuadras de Alvear, desde Buenos Aires hasta Fotheringham (Museo), con ensanchamiento de veredas y una explanada en la iglesia San Francisco y Tribunales.<\/p>\n<p>\u201cEstamos trabajando firmemente para dejar al centro de R\u00edo Cuarto en otro nivel, con una transformaci\u00f3n completa para que disfruten las familias de la ciudad y tambi\u00e9n de la regi\u00f3n\u201d, afirm\u00f3 Llamosas.<\/p>\n<h6>Fuente: Puntal<\/h6>\n","protected":false},"excerpt":{"rendered":"<p>Los arreglos se suman a los trabajos de se\u00f1al\u00e9tica, cord\u00f3n cuneta, iluminaci\u00f3n con tecnolog\u00eda led y ornamentaciones florales. As\u00ed, se apuesta a revalorizar ese sector<\/p>\n","protected":false},"author":2,"featured_media":133738,"comment_status":"closed","ping_status":"closed","sticky":false,"template":"","format":"standard","meta":{"footnotes":""},"categories":[2],"tags":[3],"class_list":["post-133737","post","type-post","status-publish","format-standard","has-post-thumbnail","hentry","category-informe-municipal","tag-cordoba"],"_links":{"self":[{"href":"http:\/\/argentinamunicipal.com.ar\/argentina\/wp-json\/wp\/v2\/posts\/133737","targetHints":{"allow":["GET"]}}],"collection":[{"href":"http:\/\/argentinamunicipal.com.ar\/argentina\/wp-json\/wp\/v2\/posts"}],"about":[{"href":"http:\/\/argentinamunicipal.com.ar\/argentina\/wp-json\/wp\/v2\/types\/post"}],"author":[{"embeddable":true,"href":"http:\/\/argentinamunicipal.com.ar\/argentina\/wp-json\/wp\/v2\/users\/2"}],"replies":[{"embeddable":true,"href":"http:\/\/argentinamunicipal.com.ar\/argentina\/wp-json\/wp\/v2\/comments?post=133737"}],"version-history":[{"count":0,"href":"http:\/\/argentinamunicipal.com.ar\/argentina\/wp-json\/wp\/v2\/posts\/133737\/revisions"}],"wp:featuredmedia":[{"embeddable":true,"href":"http:\/\/argentinamunicipal.com.ar\/argentina\/wp-json\/wp\/v2\/media\/133738"}],"wp:attachment":[{"href":"http:\/\/argentinamunicipal.com.ar\/argentina\/wp-json\/wp\/v2\/media?parent=133737"}],"wp:term":[{"taxonomy":"category","embeddable":true,"href":"http:\/\/argentinamunicipal.com.ar\/argentina\/wp-json\/wp\/v2\/categories?post=133737"},{"taxonomy":"post_tag","embeddable":true,"href":"http:\/\/argentinamunicipal.com.ar\/argentina\/wp-json\/wp\/v2\/tags?post=133737"}],"curies":[{"name":"wp","href":"https:\/\/api.w.org\/{rel}","templated":true}]}}