{"id":133792,"date":"2023-02-14T05:00:12","date_gmt":"2023-02-14T08:00:12","guid":{"rendered":"http:\/\/argentinamunicipal.com.ar\/argentina\/?p=133792"},"modified":"2023-02-14T06:42:12","modified_gmt":"2023-02-14T09:42:12","slug":"san-rafael-instalo-6-500-luces-led-en-calles-avenidas-y-rutas","status":"publish","type":"post","link":"http:\/\/argentinamunicipal.com.ar\/argentina\/san-rafael-instalo-6-500-luces-led-en-calles-avenidas-y-rutas\/","title":{"rendered":"San Rafael instal\u00f3 6.500 luces led en calles, avenidas y rutas"},"content":{"rendered":"<p>El Municipio de San Rafael lleva adelante un importante programa de inversi\u00f3n en tecnolog\u00eda led, que ha permitido un cambio de la fisonom\u00eda de las zonas.<\/p>\n<p>El Municipio de San Rafael lleva adelante un importante programa de inversi\u00f3n en tecnolog\u00eda led por la que viene reconvirtiendo luminarias de calles, avenidas y rutas situadas en distintos puntos de su amplia geograf\u00eda.<\/p>\n<p>Actualmente han sido colocados 6.500 equipos que han permitido un cambio total de la fisonom\u00eda de barrios, zonas c\u00e9ntricas y m\u00e1s de una decena de distritos que ya cuentan con dicha tecnolog\u00eda.<\/p>\n<p>\u00abEs un aporte muy importante a la seguridad p\u00fablica, no solo para conductores que tienen mejor visibilidad sino tambi\u00e9n para peatones. Adem\u00e1s, en lugares donde ya hicimos esta inversi\u00f3n, cambi\u00f3 notablemente el paisaje urbano\u00bb, destac\u00f3 el director de Electrotecnia del Municipio, Pablo Yag\u00fce.<\/p>\n<p>El plan del municipio no se detiene y en las pr\u00f3ximas semanas seguir\u00e1 con m\u00e1s colocaciones en nuevas avenidas y m\u00e1s distritos, entre ellos Villa Atuel y El Nihuil, los que distan a 60 y 75 km del centro sanrafaelino, respectivamente.<\/p>\n<p>En materia de seguridad p\u00fablica, esta inversi\u00f3n se complementa a la adquisici\u00f3n de c\u00e1maras de seguridad que dispuso el intendente Emir F\u00e9lix, aparatos que ya fueron entregados al Ministerio de Seguridad del Gobierno de Mendoza. En el actual presupuesto, el jefe comunal tambi\u00e9n asign\u00f3 partidas para reforzar a\u00fan m\u00e1s el sistema de videovigilancia.<\/p>\n<h6>Fuente: sitio Andino<\/h6>\n","protected":false},"excerpt":{"rendered":"<p>El Municipio de San Rafael lleva adelante un importante programa de inversi\u00f3n en tecnolog\u00eda led, que ha permitido un cambio de la fisonom\u00eda de las zonas.<\/p>\n","protected":false},"author":2,"featured_media":133793,"comment_status":"closed","ping_status":"closed","sticky":false,"template":"","format":"standard","meta":{"footnotes":""},"categories":[2],"tags":[31],"class_list":["post-133792","post","type-post","status-publish","format-standard","has-post-thumbnail","hentry","category-informe-municipal","tag-mendoza"],"_links":{"self":[{"href":"http:\/\/argentinamunicipal.com.ar\/argentina\/wp-json\/wp\/v2\/posts\/133792","targetHints":{"allow":["GET"]}}],"collection":[{"href":"http:\/\/argentinamunicipal.com.ar\/argentina\/wp-json\/wp\/v2\/posts"}],"about":[{"href":"http:\/\/argentinamunicipal.com.ar\/argentina\/wp-json\/wp\/v2\/types\/post"}],"author":[{"embeddable":true,"href":"http:\/\/argentinamunicipal.com.ar\/argentina\/wp-json\/wp\/v2\/users\/2"}],"replies":[{"embeddable":true,"href":"http:\/\/argentinamunicipal.com.ar\/argentina\/wp-json\/wp\/v2\/comments?post=133792"}],"version-history":[{"count":0,"href":"http:\/\/argentinamunicipal.com.ar\/argentina\/wp-json\/wp\/v2\/posts\/133792\/revisions"}],"wp:featuredmedia":[{"embeddable":true,"href":"http:\/\/argentinamunicipal.com.ar\/argentina\/wp-json\/wp\/v2\/media\/133793"}],"wp:attachment":[{"href":"http:\/\/argentinamunicipal.com.ar\/argentina\/wp-json\/wp\/v2\/media?parent=133792"}],"wp:term":[{"taxonomy":"category","embeddable":true,"href":"http:\/\/argentinamunicipal.com.ar\/argentina\/wp-json\/wp\/v2\/categories?post=133792"},{"taxonomy":"post_tag","embeddable":true,"href":"http:\/\/argentinamunicipal.com.ar\/argentina\/wp-json\/wp\/v2\/tags?post=133792"}],"curies":[{"name":"wp","href":"https:\/\/api.w.org\/{rel}","templated":true}]}}