{"id":133824,"date":"2023-02-15T06:13:08","date_gmt":"2023-02-15T09:13:08","guid":{"rendered":"http:\/\/argentinamunicipal.com.ar\/argentina\/?p=133824"},"modified":"2023-02-15T06:13:08","modified_gmt":"2023-02-15T09:13:08","slug":"mendoza-el-precandidato-del-peronismo-martin-hinojosa-pidio-coherencia-para-formar-alianzas-electorales","status":"publish","type":"post","link":"http:\/\/argentinamunicipal.com.ar\/argentina\/mendoza-el-precandidato-del-peronismo-martin-hinojosa-pidio-coherencia-para-formar-alianzas-electorales\/","title":{"rendered":"Mendoza: El precandidato del peronismo Mart\u00edn Hinojosa pidi\u00f3 \u00abcoherencia\u00bb para formar alianzas electorales"},"content":{"rendered":"<p>El funcionario nacional ratific\u00f3 sus intenciones de ser gobernador y hacerlo como parte de un frente amplio y participativo no solo electoral, sino tambi\u00e9n de gobierno<\/p>\n<p>Mientras la interna de Cambia Mendoza se agita con el\u00a0lanzamiento de Alfredo Cornejo\u00a0y el\u00a0coqueteo de Omar De Marchi con dirigentes de otros partidos, en el peronismo mendocino algunos tratan de poner orden de cara a la conformaci\u00f3n de alianzas. Despu\u00e9s de que la presidenta del PJ, Flor Dest\u00e9fanis, advirtiera que \u00abMacri, De Marchi y Cornejo\u00bb eran el \u00abl\u00edmite\u00bb, el precandidato a la gobernaci\u00f3n\u00a0Mart\u00edn Hinojosa\u00a0se sum\u00f3 al pedido de \u00abcoherencia\u00bb para el armado de frentes.<\/p>\n<p>Por un momento, Hinojosa dej\u00f3 su perfil bajo y a trav\u00e9s de un hilo de Twitter suscribi\u00f3 las palabras de Dest\u00e9fanis al compartir que \u00abel Congreso del PJ es la herramienta para definir los alcances de acuerdos que deben exceder lo electoral y apuntar a un buen gobierno para Mendoza\u00bb.<\/p>\n<p>Ese congreso, que a\u00fan no tiene fecha confirmada, se espera para fin de mes, una vez que el intendente de San Rafael, Emir F\u00e9lix, retorne de sus vacaciones.<\/p>\n<p>\u00abUnir es una necesidad que tenemos todos los mendocinos\u00bb, dijo Hinojosa\u00a0pero advirti\u00f3 sobre los llamados \u00abl\u00edmites\u00bb en las alianzas: \u00abPero unir se hace con coherencia.\u00a0No todo es lo mismo\u00bb.<\/p>\n<p><strong>Hinojosa y sus ganas de ser el precandidato de un frente \u00abampliado y participativo\u00bb<\/strong><br \/>\nEl presidente del\u00a0Instituto Nacional de Vitivinicultura (INV)\u00a0ratific\u00f3 sus\u00a0intenciones de ser el precandidato a gobernador\u00a0por el peronismo mendocino pero\u00a0dentro de un frente amplio\u00a0que pueda presentar una propuesta superadora y que est\u00e9 lejos de la ideolog\u00eda del PRO.<\/p>\n<p>\u00abTengo la convicci\u00f3n de ser el pr\u00f3ximo gobernador de nuestra querida Mendoza, liderar un proceso en este\u00a0frente ampliado y participativo, de soluciones, de mucho trabajo, de m\u00e1s acci\u00f3n y concreciones\u00bb, expres\u00f3 en las redes sociales.<\/p>\n<p>\u00abUn giro profundo de estilo y gobierno, que priorice el progreso para todos\u00bb, agreg\u00f3 marcando diferencias con Cambia Mendoza y sus integrantes.<\/p>\n<p>Sobre el armado de ese frente,\u00a0tambi\u00e9n marc\u00f3 l\u00edmites en un mensaje para aquellos que mantienen conversaciones y fogonean un acuerdo con parte del macrismo: \u00abUnir es una necesidad que tenemos todos los mendocinos. Unir nos hace crecer y priorizar la construcci\u00f3n de soluciones a tantos problemas que se agravan.\u00a0Pero unir se hace con coherencia.\u00a0No todo es lo mismo\u00bb.<\/p>\n<p>Y a esa conclusi\u00f3n llega, no solo por su opini\u00f3n, sino tambi\u00e9n por lo que fue rescatando de sus recorridos por los departamentos: \u00abEscuchar para comprender, interpretar y complementar con las ideas que tenemos, va nutriendo una propuesta superadora\u00bb.<\/p>\n<p>\u00abAgradezco cada palabra de aliento, cada aporte que nos hace mejorar. Se nota la expectativa y la voy a representar con compromiso y responsabilidad\u00bb, dijo.<\/p>\n<p>\u00abCreo en las organizaciones a las que pertenezco desde siempre. Es la manera de construir con lealtad y consecuencia.\u00a0El Congreso del PJ es la herramienta para definir los alcances de acuerdos\u00a0que deben exceder lo electoral y apuntar a un buen gobierno para Mendoza\u00bb, sum\u00f3.<\/p>\n<p><strong>\u00bfHinojosa y qui\u00e9n m\u00e1s?<\/strong><br \/>\nLa estrategia electoral del PJ mendocino se est\u00e1 cocinando.\u00a0Cont\u00f3 Rosana Villegas en Diario UNO que algunos jefes comunales ya avanzaron a la hora de ungir a los candidatos que quieren que los sucedan en la intendencia, pero a\u00fan resta tomar decisiones sobre c\u00f3mo y con qui\u00e9n jugar\u00e1n la disputa a la gobernaci\u00f3n.<\/p>\n<p>En ese proceso est\u00e1 Emir F\u00e9lix, uno de a los que m\u00e1s se presiona\u00a0para que se suba a la precandidatura, pero se tom\u00f3 unos d\u00edas de vacaciones.<\/p>\n<p>A su retorno, entre el 18 y el 20 de este mes podr\u00eda haber alguna definici\u00f3n y tal vez surja el nombre de un nuevo candidato del peronismo para pelear por la gobernaci\u00f3n.<\/p>\n<p>En tanto, como dec\u00edamos, para esa fecha tambi\u00e9n se podr\u00eda convocar al congreso partidario que habilitar\u00e1 a conformar alianzas y frentes electorales.<\/p>\n<h6>Fuente: Uno<\/h6>\n","protected":false},"excerpt":{"rendered":"<p>El funcionario nacional ratific\u00f3 sus intenciones de ser gobernador y hacerlo como parte de un frente amplio y participativo no solo electoral, sino tambi\u00e9n de gobierno<\/p>\n","protected":false},"author":2,"featured_media":133825,"comment_status":"closed","ping_status":"closed","sticky":false,"template":"","format":"standard","meta":{"footnotes":""},"categories":[4],"tags":[31],"class_list":["post-133824","post","type-post","status-publish","format-standard","has-post-thumbnail","hentry","category-informe-politico","tag-mendoza"],"_links":{"self":[{"href":"http:\/\/argentinamunicipal.com.ar\/argentina\/wp-json\/wp\/v2\/posts\/133824","targetHints":{"allow":["GET"]}}],"collection":[{"href":"http:\/\/argentinamunicipal.com.ar\/argentina\/wp-json\/wp\/v2\/posts"}],"about":[{"href":"http:\/\/argentinamunicipal.com.ar\/argentina\/wp-json\/wp\/v2\/types\/post"}],"author":[{"embeddable":true,"href":"http:\/\/argentinamunicipal.com.ar\/argentina\/wp-json\/wp\/v2\/users\/2"}],"replies":[{"embeddable":true,"href":"http:\/\/argentinamunicipal.com.ar\/argentina\/wp-json\/wp\/v2\/comments?post=133824"}],"version-history":[{"count":0,"href":"http:\/\/argentinamunicipal.com.ar\/argentina\/wp-json\/wp\/v2\/posts\/133824\/revisions"}],"wp:featuredmedia":[{"embeddable":true,"href":"http:\/\/argentinamunicipal.com.ar\/argentina\/wp-json\/wp\/v2\/media\/133825"}],"wp:attachment":[{"href":"http:\/\/argentinamunicipal.com.ar\/argentina\/wp-json\/wp\/v2\/media?parent=133824"}],"wp:term":[{"taxonomy":"category","embeddable":true,"href":"http:\/\/argentinamunicipal.com.ar\/argentina\/wp-json\/wp\/v2\/categories?post=133824"},{"taxonomy":"post_tag","embeddable":true,"href":"http:\/\/argentinamunicipal.com.ar\/argentina\/wp-json\/wp\/v2\/tags?post=133824"}],"curies":[{"name":"wp","href":"https:\/\/api.w.org\/{rel}","templated":true}]}}