{"id":133842,"date":"2023-02-16T05:07:38","date_gmt":"2023-02-16T08:07:38","guid":{"rendered":"http:\/\/argentinamunicipal.com.ar\/argentina\/?p=133842"},"modified":"2023-02-15T20:09:33","modified_gmt":"2023-02-15T23:09:33","slug":"cuidacoches-desde-el-concejo-municipal-rosarino-advierten-que-el-camino-es-la-regulacion","status":"publish","type":"post","link":"http:\/\/argentinamunicipal.com.ar\/argentina\/cuidacoches-desde-el-concejo-municipal-rosarino-advierten-que-el-camino-es-la-regulacion\/","title":{"rendered":"Cuidacoches: desde el Concejo Municipal rosarino advierten que \u00abel camino es la regulaci\u00f3n\u00bb"},"content":{"rendered":"<p>La edila Fernanda Gigliani evalu\u00f3 que la situaci\u00f3n es peor que en 2022 y denunci\u00f3 que muchos trabajadores informales \u00abfueron expulsados de sus zonas por otros que ejercen violencia\u00bb<\/p>\n<p>El Concejo Municipal reinici\u00f3 sus actividades tras el receso de verano y se volvi\u00f3 a instalar el debate sobre la actividad de los cuidacoches en la ciudad.\u00a0La concejala justicialista Mar\u00eda Fernanda Gigliani, integrante de la comisi\u00f3n de Obras P\u00fablicas, uno de los \u00e1mbitos donde se discute el tema de los \u00abtrapitos\u00bb, consider\u00f3 que la situaci\u00f3n \u201cse agrav\u00f3 con respecto al a\u00f1o pasado\u201d, y remarc\u00f3 que el camino \u201ces la regulaci\u00f3n\u201d.<br \/>\n\u201cDesde el a\u00f1o pasado, antes del receso de invierno, planteamos la necesidad generar una audiencia con los protagonistas,\u00a0con varios cuidacoches que trabajan en distintas zonas. En ese momento, nos planteaban que los medios hablaban de ellos y el Concejo legisl\u00f3 sobre ellos, pero que nunca se los escuch\u00f3 y quer\u00edan ser expresarse\u201d, sostuvo Gigliani.<\/p>\n<p>En declaraciones al programa\u00a0\u201cEl primero de la ma\u00f1ana\u201d\u00a0de\u00a0LT8, la edila afirm\u00f3 que \u201clamentablemente, la situaci\u00f3n del a\u00f1o pasado se agrav\u00f3 al d\u00eda de hoy\u00bb. Ampli\u00f3: \u00abMuchos de estos cuidacoches que pretend\u00edan ser escuchados ahora tienen temor a ser escuchados en el \u00e1mbito p\u00fablico del Concejo. Muchos de ellos fueron expulsados del lugar donde trabajaban por otros cuidacoches que ocuparon ese lugar y que ejercen extorsiones y violencia, tambi\u00e9n contra los vecinos\u201d.<\/p>\n<p>\u201cEstoy convencida que el camino es la regulaci\u00f3n.\u00a0Pero no para instituir el trabajo de cuidacoches, sino para crear un padr\u00f3n de todos esos trabajadores informales que le permita al estado ir construyendo con cada uno de ellos una alternativa de inclusi\u00f3n socio laboral diferente. Ese es nuestro planteo\u201d, afirm\u00f3.<\/p>\n<p>La legisladora justicialista sostuvo que \u201chay un universo de gente que est\u00e1 organizada para cometer delitos como lo es una extorsi\u00f3n, pero tambi\u00e9n hay otro grupo de trabajadores y trabajadoras informales que hace much\u00edsimos a\u00f1os que llevan adelante esta actividad y que lo hacen de manera honesta, no son violentos, solicitan contribuci\u00f3n voluntaria y si el vecino no la da y entrega poco dinero no se violenta. Una posible regulaci\u00f3n servir\u00eda no s\u00f3lo de protecci\u00f3n a los vecinos, sino tambi\u00e9n para cuidar a los cuidacoches que trabajan en forma honesta\u201d.<\/p>\n<p>\u201cLo que se aprob\u00f3 en el C\u00f3digo de Convivencia, que nosotros votamos en contra, no sirve. Esa norma establece cobrar multas a quien extorsione en la v\u00eda p\u00fablica. La pregunta ser\u00eda \u00bfcu\u00e1ntas multas se cobraron por eso en la ciudad? El problema no se resolvi\u00f3 y tampoco lo resolver\u00e1 la prohibici\u00f3n de la actividad. Creo que hay m\u00e1s coincidencias que diferencias en ese sentido. En la pr\u00f3xima reuni\u00f3n de comisi\u00f3n trabajaremos en varios puntos: \u00bfcu\u00e1l es el \u00e1mbito de aplicaci\u00f3n? La contribuci\u00f3n tiene que ser voluntaria o tarifaria?\u201d, subray\u00f3.<\/p>\n<h6>Fuente: La Capital<\/h6>\n","protected":false},"excerpt":{"rendered":"<p>La edila Fernanda Gigliani evalu\u00f3 que la situaci\u00f3n es peor que en 2022 y denunci\u00f3 que muchos trabajadores informales \u00abfueron expulsados de sus zonas por otros que ejercen violencia\u00bb<\/p>\n","protected":false},"author":2,"featured_media":133843,"comment_status":"closed","ping_status":"closed","sticky":false,"template":"","format":"standard","meta":{"footnotes":""},"categories":[2],"tags":[10],"class_list":["post-133842","post","type-post","status-publish","format-standard","has-post-thumbnail","hentry","category-informe-municipal","tag-santa-fe"],"_links":{"self":[{"href":"http:\/\/argentinamunicipal.com.ar\/argentina\/wp-json\/wp\/v2\/posts\/133842","targetHints":{"allow":["GET"]}}],"collection":[{"href":"http:\/\/argentinamunicipal.com.ar\/argentina\/wp-json\/wp\/v2\/posts"}],"about":[{"href":"http:\/\/argentinamunicipal.com.ar\/argentina\/wp-json\/wp\/v2\/types\/post"}],"author":[{"embeddable":true,"href":"http:\/\/argentinamunicipal.com.ar\/argentina\/wp-json\/wp\/v2\/users\/2"}],"replies":[{"embeddable":true,"href":"http:\/\/argentinamunicipal.com.ar\/argentina\/wp-json\/wp\/v2\/comments?post=133842"}],"version-history":[{"count":0,"href":"http:\/\/argentinamunicipal.com.ar\/argentina\/wp-json\/wp\/v2\/posts\/133842\/revisions"}],"wp:featuredmedia":[{"embeddable":true,"href":"http:\/\/argentinamunicipal.com.ar\/argentina\/wp-json\/wp\/v2\/media\/133843"}],"wp:attachment":[{"href":"http:\/\/argentinamunicipal.com.ar\/argentina\/wp-json\/wp\/v2\/media?parent=133842"}],"wp:term":[{"taxonomy":"category","embeddable":true,"href":"http:\/\/argentinamunicipal.com.ar\/argentina\/wp-json\/wp\/v2\/categories?post=133842"},{"taxonomy":"post_tag","embeddable":true,"href":"http:\/\/argentinamunicipal.com.ar\/argentina\/wp-json\/wp\/v2\/tags?post=133842"}],"curies":[{"name":"wp","href":"https:\/\/api.w.org\/{rel}","templated":true}]}}