{"id":133854,"date":"2023-02-16T05:40:16","date_gmt":"2023-02-16T08:40:16","guid":{"rendered":"http:\/\/argentinamunicipal.com.ar\/argentina\/?p=133854"},"modified":"2023-02-15T20:29:05","modified_gmt":"2023-02-15T23:29:05","slug":"las-heras-decidio-que-los-infractores-viales-pueden-pagar-las-multas-con-trabajo-comunitario","status":"publish","type":"post","link":"http:\/\/argentinamunicipal.com.ar\/argentina\/las-heras-decidio-que-los-infractores-viales-pueden-pagar-las-multas-con-trabajo-comunitario\/","title":{"rendered":"Las Heras decidi\u00f3 que los infractores viales pueden pagar las multas con trabajo comunitario"},"content":{"rendered":"<p>En marzo regir\u00e1 el sistema de trabajo comunitario a cambio del pago de la multa en dinero, aprobado por el Concejo Deliberante de Las Heras y que ser\u00e1 reglamentado por el intendente Daniel Orozco. Ser\u00e1 para los casos con sentencia firme del Juez Vial del departamento<\/p>\n<p>La Municipalidad de\u00a0Las Heras\u00a0decidi\u00f3 que los infractores a la ley de tr\u00e1nsito en calles de ese departamento puedan pagar las multas con trabajo comunitario.<\/p>\n<p>As\u00ed lo explic\u00f3 este martes Fabi\u00e1n Tello, del equipo de Gobierno de Daniel Orozco, al programa Hola Mendoza, que se emite por Canal 7.<\/p>\n<p>\u00abEl objetivo de esta ordenanza municipal que ya tiene el aval del Ejecutivo de Las Heras es concientizar a los conductores para evitar accidentes de tr\u00e1nsito\u00bb<\/p>\n<p><strong>Los infractores viales trabajar\u00e1n para instituciones comunitarias<\/strong><br \/>\nLa normativa, una vez reglamentada por el intendente Orozco,\u00a0podr\u00e1 comenzar a aplicarse en el departamento Las Heras en marzo.<\/p>\n<p>En principio, \u00ablos infractores podr\u00e1n optar entre pagar la multa en dinero o cumplir trabajo comunitario\u00bb.<\/p>\n<p>La solicitud de hacer trabajo comunitario deber\u00e1 hacerla el propio condenado cuando quede firme el fallo del Juez Vial del departamento.<\/p>\n<p><strong>En detalle<\/strong><br \/>\nEl trabajo comunitario se cumplir\u00e1 por horas, durante el d\u00eda y mientras haya luz solar, prestando servicios o tareas especiales\u00a0sin percibir remuneraci\u00f3n alguna, establece la ordenanza municipal que qued\u00f3 en manos del intendente Orozco para la reglamentaci\u00f3n y puesta en marcha.<\/p>\n<p>La conclusi\u00f3n de\u00a0un informe socioecon\u00f3mico elaborado por la Municipalidad de Las Heras ser\u00e1 determinante\u00a0para que el condenado por una infracci\u00f3n vial en ese departamento pueda acceder al beneficio de pagar con trabajo comunitario.<\/p>\n<p>El trabajo comunitario podr\u00e1 prestarse\u00a0por plazos de hasta 8 horas diarias\u00a0en entidades de bien p\u00fablico sin fines de lucro con personer\u00eda jur\u00eddica debidamente acreditada que la Municipalidad de Las Heras reunir\u00e1 en una lista.<\/p>\n<p>\u00abAs\u00ed como se ha labrado gran cantidad de multas por infracciones de tr\u00e1nsito, en los \u00faltimos tiempos esa conducta baj\u00f3 notablemente gracias a que desde la comuna creamos conciencia entre los conductores. Esta iniciativa apunta a reforzar esa toma de conciencia y a que los infractores est\u00e9n en contacto directo con la realidad social\u00bb<\/p>\n<p>Quienes incumplan total o parcialmente el plan de trabajo comunitario\u00a0deber\u00e1n cumplir la sentencia del Juez Vial en su totalidad m\u00e1s los intereses por mora<\/p>\n<h6>Fuente: Uno<\/h6>\n","protected":false},"excerpt":{"rendered":"<p>En marzo regir\u00e1 el sistema de trabajo comunitario a cambio del pago de la multa en dinero, aprobado por el Concejo Deliberante de Las Heras y que ser\u00e1 reglamentado por el intendente Daniel Orozco.<\/p>\n","protected":false},"author":2,"featured_media":133855,"comment_status":"closed","ping_status":"closed","sticky":false,"template":"","format":"standard","meta":{"footnotes":""},"categories":[2],"tags":[31],"class_list":["post-133854","post","type-post","status-publish","format-standard","has-post-thumbnail","hentry","category-informe-municipal","tag-mendoza"],"_links":{"self":[{"href":"http:\/\/argentinamunicipal.com.ar\/argentina\/wp-json\/wp\/v2\/posts\/133854","targetHints":{"allow":["GET"]}}],"collection":[{"href":"http:\/\/argentinamunicipal.com.ar\/argentina\/wp-json\/wp\/v2\/posts"}],"about":[{"href":"http:\/\/argentinamunicipal.com.ar\/argentina\/wp-json\/wp\/v2\/types\/post"}],"author":[{"embeddable":true,"href":"http:\/\/argentinamunicipal.com.ar\/argentina\/wp-json\/wp\/v2\/users\/2"}],"replies":[{"embeddable":true,"href":"http:\/\/argentinamunicipal.com.ar\/argentina\/wp-json\/wp\/v2\/comments?post=133854"}],"version-history":[{"count":0,"href":"http:\/\/argentinamunicipal.com.ar\/argentina\/wp-json\/wp\/v2\/posts\/133854\/revisions"}],"wp:featuredmedia":[{"embeddable":true,"href":"http:\/\/argentinamunicipal.com.ar\/argentina\/wp-json\/wp\/v2\/media\/133855"}],"wp:attachment":[{"href":"http:\/\/argentinamunicipal.com.ar\/argentina\/wp-json\/wp\/v2\/media?parent=133854"}],"wp:term":[{"taxonomy":"category","embeddable":true,"href":"http:\/\/argentinamunicipal.com.ar\/argentina\/wp-json\/wp\/v2\/categories?post=133854"},{"taxonomy":"post_tag","embeddable":true,"href":"http:\/\/argentinamunicipal.com.ar\/argentina\/wp-json\/wp\/v2\/tags?post=133854"}],"curies":[{"name":"wp","href":"https:\/\/api.w.org\/{rel}","templated":true}]}}