{"id":133857,"date":"2023-02-16T05:20:46","date_gmt":"2023-02-16T08:20:46","guid":{"rendered":"http:\/\/argentinamunicipal.com.ar\/argentina\/?p=133857"},"modified":"2023-02-15T20:32:14","modified_gmt":"2023-02-15T23:32:14","slug":"ciudad-de-cordoba-el-parque-las-heras-elisa-sumo-mas-de-30-mil-arboles-y-arbustivas","status":"publish","type":"post","link":"http:\/\/argentinamunicipal.com.ar\/argentina\/ciudad-de-cordoba-el-parque-las-heras-elisa-sumo-mas-de-30-mil-arboles-y-arbustivas\/","title":{"rendered":"Ciudad de C\u00f3rdoba: el Parque las Heras-Elisa sum\u00f3 m\u00e1s de 30 mil \u00e1rboles y arbustivas"},"content":{"rendered":"<p>Adem\u00e1s, el terreno fue cubierto con 22.000 metros cuadrados de c\u00e9sped. Al finalizar las obras la nueva vegetaci\u00f3n y la uni\u00f3n con el r\u00edo fusionar\u00e1n el paisaje urbano con el natural.<\/p>\n<p>El Parque Las Heras-Elisa se transforma en un paseo especial que combina el entorno urbano caracter\u00edstico del centro de la ciudad, instalaciones de vanguardia, un puente que conectar\u00e1 ambas m\u00e1rgenes del r\u00edo Suqu\u00eda y las m\u00e1s de dos hect\u00e1reas que lo conforman recientemente forestadas para conectar con la naturaleza.<\/p>\n<p>En las \u00faltimas semanas, y con la obra civil con un importante avance, la Municipalidad de C\u00f3rdoba forest\u00f3 el espacio con 32.000 \u00e1rboles y arbustivas.<\/p>\n<p>Entre los mayor porte se destacan los cina-cina, reconocidos por su particular tronco verde; las tipas, los mismos ejemplares que demarcan el contorno de la Ca\u00f1ada; y los coloridos jacarand\u00e1 que ba\u00f1ar\u00e1n el Parque Las Heras-Elisa de color morado.<\/p>\n<p>La mayor\u00eda de las arbustivas son pennisetum rubra, pennisetum rupelli, paspalum, lavanda, rosa iceberg, fornios y fornios rubra.<\/p>\n<p>En el espacio verde sumaron, adem\u00e1s, 22.000 metros cuadrados de c\u00e9sped. La totalidad del sector tiene un \u00e1rea de 26.000 metros cuadrados.<\/p>\n<p>El riego de las especies ser\u00e1 por aspersi\u00f3n y se alimentar\u00e1 por captura de agua de napas, sin necesidad de utilizar la proveniente de red.<\/p>\n<p>La recuperaci\u00f3n y puesta en valor del Parque Las Heras-Elisa tiene como principal objetivo devolverle a la ciudad un espacio que era orgullo de los cordobeses y que, con el tiempo, fue dejado al abandono.<\/p>\n<p>Un parque en conexi\u00f3n con el r\u00edo<br \/>\nLas obras que la Municipalidad de C\u00f3rdoba ejecuta en el Parque Las Heras-Elisa buscan no solo volver a vitalizar el espacio recreativo y de contemplaci\u00f3n con nuevas instalaciones, arbustivas y sectores con postas gimn\u00e1sticas y juegos infantiles, sino que adem\u00e1s se construyen gradas para incorporar al r\u00edo como parte del atractivo.<\/p>\n<p>Las gradas se conectar\u00e1n con el cauce natural que atraviesa la ciudad, expandiendo su uso y posibilitando que los vecinos de apropien del espacio.<\/p>\n<p>Las obras son coherentes y van en sinton\u00eda con las pol\u00edticas del intendente Mart\u00edn Llaryora tendientes a la recuperaci\u00f3n del r\u00edo Suqu\u00eda, cuyos m\u00e1rgenes fueron postergados durante d\u00e9cadas como parte del atractivo tur\u00edstico y recreativo de la ciudad.<\/p>\n<h6>Fuente: La Voz de San Justo<\/h6>\n","protected":false},"excerpt":{"rendered":"<p>Adem\u00e1s, el terreno fue cubierto con 22.000 metros cuadrados de c\u00e9sped. Al finalizar las obras la nueva vegetaci\u00f3n y la uni\u00f3n con el r\u00edo fusionar\u00e1n el paisaje urbano con el natural.<\/p>\n","protected":false},"author":2,"featured_media":133858,"comment_status":"closed","ping_status":"closed","sticky":false,"template":"","format":"standard","meta":{"footnotes":""},"categories":[2],"tags":[3],"class_list":["post-133857","post","type-post","status-publish","format-standard","has-post-thumbnail","hentry","category-informe-municipal","tag-cordoba"],"_links":{"self":[{"href":"http:\/\/argentinamunicipal.com.ar\/argentina\/wp-json\/wp\/v2\/posts\/133857","targetHints":{"allow":["GET"]}}],"collection":[{"href":"http:\/\/argentinamunicipal.com.ar\/argentina\/wp-json\/wp\/v2\/posts"}],"about":[{"href":"http:\/\/argentinamunicipal.com.ar\/argentina\/wp-json\/wp\/v2\/types\/post"}],"author":[{"embeddable":true,"href":"http:\/\/argentinamunicipal.com.ar\/argentina\/wp-json\/wp\/v2\/users\/2"}],"replies":[{"embeddable":true,"href":"http:\/\/argentinamunicipal.com.ar\/argentina\/wp-json\/wp\/v2\/comments?post=133857"}],"version-history":[{"count":0,"href":"http:\/\/argentinamunicipal.com.ar\/argentina\/wp-json\/wp\/v2\/posts\/133857\/revisions"}],"wp:featuredmedia":[{"embeddable":true,"href":"http:\/\/argentinamunicipal.com.ar\/argentina\/wp-json\/wp\/v2\/media\/133858"}],"wp:attachment":[{"href":"http:\/\/argentinamunicipal.com.ar\/argentina\/wp-json\/wp\/v2\/media?parent=133857"}],"wp:term":[{"taxonomy":"category","embeddable":true,"href":"http:\/\/argentinamunicipal.com.ar\/argentina\/wp-json\/wp\/v2\/categories?post=133857"},{"taxonomy":"post_tag","embeddable":true,"href":"http:\/\/argentinamunicipal.com.ar\/argentina\/wp-json\/wp\/v2\/tags?post=133857"}],"curies":[{"name":"wp","href":"https:\/\/api.w.org\/{rel}","templated":true}]}}