{"id":133901,"date":"2023-02-17T05:15:25","date_gmt":"2023-02-17T08:15:25","guid":{"rendered":"http:\/\/argentinamunicipal.com.ar\/argentina\/?p=133901"},"modified":"2023-02-16T19:59:07","modified_gmt":"2023-02-16T22:59:07","slug":"rosario-instalaran-40-paradas-de-colectivos-con-camaras-de-seguridad-y-boton-antipanico","status":"publish","type":"post","link":"http:\/\/argentinamunicipal.com.ar\/argentina\/rosario-instalaran-40-paradas-de-colectivos-con-camaras-de-seguridad-y-boton-antipanico\/","title":{"rendered":"Rosario: Instalar\u00e1n 40 paradas de colectivos con c\u00e1maras de seguridad y bot\u00f3n antip\u00e1nico"},"content":{"rendered":"<p>Podr\u00edan estar operativas a partir del segundo semestre del a\u00f1o, tras la firma del correspondiente convenio.<\/p>\n<p>En el marco de una bater\u00eda de medidas propuestas en materia de seguridad para la ciudad, desde el gobierno nacional aseguraron que avanzar\u00e1n con la instalaci\u00f3n del programa Paradas Seguras.\u00a0Est\u00e1 previsto que al menos 40 paradas del transporte urbano de pasajeros cuenten con c\u00e1maras de monitoreo y botones antip\u00e1nico.<\/p>\n<p>Adem\u00e1s de lo antes mencionado, las paradas de colectivos estar\u00e1n conectadas a un centro de monitoreo y tendr\u00e1n c\u00e1maras de 360 grados con reconocimiento oficial.\u00a0Por otro lado, contar\u00e1n con baliza, altavoz y puertos para cargar el celular.<\/p>\n<p>Por el momento el programa Paradas Seguras solamente se llev\u00f3 a delante en diferentes partidos bonaerense, por lo que Rosario ser\u00e1 la primera del interior en poder acceder al mismo.\u00a0Est\u00e1 previsto que en una primera instancia se coloquen en esquinas consideradas inseguras en la ciudad.<\/p>\n<p>Podr\u00edan estar operativas a partir del segundo semestre del a\u00f1o, tras la firma del correspondiente convenio.<\/p>\n<h6>Fuente: Sin Mordaza<\/h6>\n","protected":false},"excerpt":{"rendered":"<p>Podr\u00edan estar operativas a partir del segundo semestre del a\u00f1o, tras la firma del correspondiente convenio.<\/p>\n","protected":false},"author":2,"featured_media":133902,"comment_status":"closed","ping_status":"closed","sticky":false,"template":"","format":"standard","meta":{"footnotes":""},"categories":[2],"tags":[10],"class_list":["post-133901","post","type-post","status-publish","format-standard","has-post-thumbnail","hentry","category-informe-municipal","tag-santa-fe"],"_links":{"self":[{"href":"http:\/\/argentinamunicipal.com.ar\/argentina\/wp-json\/wp\/v2\/posts\/133901","targetHints":{"allow":["GET"]}}],"collection":[{"href":"http:\/\/argentinamunicipal.com.ar\/argentina\/wp-json\/wp\/v2\/posts"}],"about":[{"href":"http:\/\/argentinamunicipal.com.ar\/argentina\/wp-json\/wp\/v2\/types\/post"}],"author":[{"embeddable":true,"href":"http:\/\/argentinamunicipal.com.ar\/argentina\/wp-json\/wp\/v2\/users\/2"}],"replies":[{"embeddable":true,"href":"http:\/\/argentinamunicipal.com.ar\/argentina\/wp-json\/wp\/v2\/comments?post=133901"}],"version-history":[{"count":0,"href":"http:\/\/argentinamunicipal.com.ar\/argentina\/wp-json\/wp\/v2\/posts\/133901\/revisions"}],"wp:featuredmedia":[{"embeddable":true,"href":"http:\/\/argentinamunicipal.com.ar\/argentina\/wp-json\/wp\/v2\/media\/133902"}],"wp:attachment":[{"href":"http:\/\/argentinamunicipal.com.ar\/argentina\/wp-json\/wp\/v2\/media?parent=133901"}],"wp:term":[{"taxonomy":"category","embeddable":true,"href":"http:\/\/argentinamunicipal.com.ar\/argentina\/wp-json\/wp\/v2\/categories?post=133901"},{"taxonomy":"post_tag","embeddable":true,"href":"http:\/\/argentinamunicipal.com.ar\/argentina\/wp-json\/wp\/v2\/tags?post=133901"}],"curies":[{"name":"wp","href":"https:\/\/api.w.org\/{rel}","templated":true}]}}