{"id":133919,"date":"2023-02-17T05:00:26","date_gmt":"2023-02-17T08:00:26","guid":{"rendered":"http:\/\/argentinamunicipal.com.ar\/argentina\/?p=133919"},"modified":"2023-02-17T06:25:58","modified_gmt":"2023-02-17T09:25:58","slug":"mas-de-50-municipios-entrerrianos-aportan-datos-sobre-primera-infancia-al-registro-unico-de-centros-de-desarrollo-infantil","status":"publish","type":"post","link":"http:\/\/argentinamunicipal.com.ar\/argentina\/mas-de-50-municipios-entrerrianos-aportan-datos-sobre-primera-infancia-al-registro-unico-de-centros-de-desarrollo-infantil\/","title":{"rendered":"M\u00e1s de 50 municipios entrerrianos aportan datos sobre primera infancia al Registro \u00danico de Centros de Desarrollo Infantil"},"content":{"rendered":"<p>El Ministerio de Desarrollo Social contin\u00faa fortaleciendo las estrategias de abordaje de la primera infancia con los gobiernos locales, y en ese marco Aldea San Antonio firm\u00f3 el convenio de adhesi\u00f3n al Registro \u00danico de Centros de Desarrollo Infantil de Entre R\u00edos, que cuenta con 56 municipios<\/p>\n<p>La ministra de Desarrollo Social, Marisa Paira, y el intendente Mauro D\u00edaz Chavez rubricaron el documento que da cuenta de la incorporaci\u00f3n de la ciudad al Registro \u00danico de Centros de Desarrollo Infantil de Entre R\u00edos (Rucedier). La subsecretaria de Desarrollo Humano y Pol\u00edticas del Cuidado, Muriel Stablun, tambi\u00e9n particip\u00f3 del encuentro.<\/p>\n<p>En ese sentido, Paira explic\u00f3: \u201cYa son 56 los municipios y comunas que forman parte de este Registro, que se trabaj\u00f3 de manera conjunta con Unicef Argentina. Esto visibiliza el compromiso de nuestro gobernador Gustavo Bordet con el trabajo en materia de primera infancia, y el esfuerzo de los gobiernos locales en el sostenimiento de sus espacios de cuidado\u201d.<\/p>\n<p>\u201cEsta herramienta es una del abanico de l\u00edneas de acci\u00f3n que construimos en la estrategia de primera infancia y que llevamos adelante desde la provincia, para acercar derechos y achicar desigualdades\u201d, agreg\u00f3 la ministra.<\/p>\n<p>Por su parte, D\u00edaz Ch\u00e1vez, valor\u00f3: \u201cFuimos la primera localidad que construy\u00f3 un espacio de cuidado en el marco del programa de Obras P\u00fablicas de Naci\u00f3n en la provincia, que ya est\u00e1 activo y recibiendo a ni\u00f1os desde el primer a\u00f1o hasta los cuatro. Estamos muy contentos por todos estos avances, que nos permiten trabajar de manera articulada con el Ministerio de Desarrollo Social, contando con su apoyo y facilitando pol\u00edticas p\u00fablicas acordes a las demandas de nuestras comunidades\u201d.<\/p>\n<p>Por \u00faltimo, Stablun, desarroll\u00f3: \u201cEsto permite construir datos, lo cual es muy importante para las localidades que est\u00e1n teniendo sus espacios de cuidado, para saber c\u00f3mo est\u00e1 la poblaci\u00f3n de ni\u00f1os y ni\u00f1as en salud y alimentaci\u00f3n, entre otros aspectos. Con esa base los intendentes cuentan con un diagn\u00f3stico para seguir planificando e impulsando pol\u00edticas p\u00fablicas destinadas a la primera infancia, reforzando y mejorando la calidad de vida de los ni\u00f1os y ni\u00f1as. A nivel provincial tambi\u00e9n nos brinda datos para seguir brindando herramientas a las comunidades para el desarrollo humano y social, sobre todo en este periodo que es fundamental contar con un acompa\u00f1amiento\u201d.<\/p>\n<p>\u2022 Sobre el Registro<\/p>\n<p>El Rucedier es una plataforma virtual de carga, registro y sistematizaci\u00f3n de informaci\u00f3n de las instituciones y de los ni\u00f1os y ni\u00f1as que asisten a los Centros de Desarrollo Infantil (CDI) municipales y de organizaciones no gubernamentales sin fines de lucro. Reconoce la territorialidad de la atenci\u00f3n en la primera infancia, los recursos humanos, materiales y de infraestructura, disponibles en cada CDI de una localidad; contribuye a integrar informaci\u00f3n; facilita procesos de trabajo y permite contar con informaci\u00f3n actualizada al momento de la toma de decisiones.<\/p>\n<p>A partir de la firma del convenio marco, la cartera Social se compromete con la localidad a brindar asistencia t\u00e9cnica, capacitaciones en materia de instrumentaci\u00f3n sobre el uso de la herramienta, atenci\u00f3n de consultas y sistematizaci\u00f3n y monitoreo de datos.<\/p>\n<h6>Fuente: APFDigital<\/h6>\n","protected":false},"excerpt":{"rendered":"<p>\u201cEsta herramienta es una del abanico de l\u00edneas de acci\u00f3n que construimos en la estrategia de primera infancia y que llevamos adelante desde la provincia, para acercar derechos y achicar desigualdades\u201d<\/p>\n","protected":false},"author":2,"featured_media":133920,"comment_status":"closed","ping_status":"closed","sticky":false,"template":"","format":"standard","meta":{"footnotes":""},"categories":[2],"tags":[17],"class_list":["post-133919","post","type-post","status-publish","format-standard","has-post-thumbnail","hentry","category-informe-municipal","tag-entre-rios"],"_links":{"self":[{"href":"http:\/\/argentinamunicipal.com.ar\/argentina\/wp-json\/wp\/v2\/posts\/133919","targetHints":{"allow":["GET"]}}],"collection":[{"href":"http:\/\/argentinamunicipal.com.ar\/argentina\/wp-json\/wp\/v2\/posts"}],"about":[{"href":"http:\/\/argentinamunicipal.com.ar\/argentina\/wp-json\/wp\/v2\/types\/post"}],"author":[{"embeddable":true,"href":"http:\/\/argentinamunicipal.com.ar\/argentina\/wp-json\/wp\/v2\/users\/2"}],"replies":[{"embeddable":true,"href":"http:\/\/argentinamunicipal.com.ar\/argentina\/wp-json\/wp\/v2\/comments?post=133919"}],"version-history":[{"count":0,"href":"http:\/\/argentinamunicipal.com.ar\/argentina\/wp-json\/wp\/v2\/posts\/133919\/revisions"}],"wp:featuredmedia":[{"embeddable":true,"href":"http:\/\/argentinamunicipal.com.ar\/argentina\/wp-json\/wp\/v2\/media\/133920"}],"wp:attachment":[{"href":"http:\/\/argentinamunicipal.com.ar\/argentina\/wp-json\/wp\/v2\/media?parent=133919"}],"wp:term":[{"taxonomy":"category","embeddable":true,"href":"http:\/\/argentinamunicipal.com.ar\/argentina\/wp-json\/wp\/v2\/categories?post=133919"},{"taxonomy":"post_tag","embeddable":true,"href":"http:\/\/argentinamunicipal.com.ar\/argentina\/wp-json\/wp\/v2\/tags?post=133919"}],"curies":[{"name":"wp","href":"https:\/\/api.w.org\/{rel}","templated":true}]}}