{"id":133977,"date":"2023-02-22T06:19:52","date_gmt":"2023-02-22T09:19:52","guid":{"rendered":"http:\/\/argentinamunicipal.com.ar\/argentina\/?p=133977"},"modified":"2023-02-22T06:19:52","modified_gmt":"2023-02-22T09:19:52","slug":"ya-son-ocho-los-legisladores-mendocinos-que-se-lanzaron-como-candidatos-a-intendente-y-miden-casi-a-veinte","status":"publish","type":"post","link":"http:\/\/argentinamunicipal.com.ar\/argentina\/ya-son-ocho-los-legisladores-mendocinos-que-se-lanzaron-como-candidatos-a-intendente-y-miden-casi-a-veinte\/","title":{"rendered":"Ya son ocho los legisladores mendocinos que se lanzaron como candidatos a intendente y miden casi a veinte"},"content":{"rendered":"<p>Se dividen entre Cambia Mendoza, el Partido Verde y el peronismo local. A su vez, se diferencian entre los que est\u00e1n haciendo campa\u00f1a abiertamente y los que todav\u00eda esperan a que los \u00abhabiliten\u00bb desde arriba<\/p>\n<p>Algunas bancas legislativas seguramente van a vaciarse antes de tiempo. Concretamente, en la primera quincena de diciembre, porque son por lo menos ocho los legisladores que ya se lanzaron para ser\u00a0intendentes\u00a0en sus comunas. Los que todav\u00eda no lo dicen, pero est\u00e1n siendo medidos, suman por lo menos quince en total. Hay m\u00e1s en\u00a0Cambia Mendoza\u00a0que en el\u00a0peronismo\u00a0y en los \u00faltimos d\u00edas se intensificaron las conversaciones para que algunos bajen sus candidaturas. \u00bfQu\u00e9 esperan los que esperan?<\/p>\n<p>Entre los oficialistas, el que ya ha hace campa\u00f1a fuerte en redes sociales es el m\u00e9dico Abel Freidemberg, quien desde 2022 ocupa un lugar en el Senado, pero est\u00e1 dispuesto a pegar el salto a la conducci\u00f3n sanrafaelina. Es muy cercano a Alfredo Cornejo y ocup\u00f3 un lugar decisivo en la estrategia sanitaria durante la pandemia. Lo hizo desde la Regional Sur del Ministerio de Salud. Ahora, se promociona con una herramienta similar a la que usa el ex gobernador:<\/p>\n<p>\u201cCambia SanrAFael\u201d, es el hashtag\u00a0(una clave de redes sociales para agrupar mensajes y contendido). Al igual que Cornejo usando sus iniciales en el t\u00e9rmino \u201chACe\u201d, el galeno promociona sus chances a trav\u00e9s de la misma estrategia. En frente tendr\u00e1, casi con seguridad, una\u00a0interna contra el candidato de Ernesto Sanz: Francisco Mondotte,\u00a0quien preside el comit\u00e9 departamental de la UCR y es uno de los concejales de Cambia.<\/p>\n<p>La competencia intestina entre correligionarios no se agota ah\u00ed.\u00a0Adri\u00e1n Reche, miembro de la C\u00e1mara de Diputados tambi\u00e9n quiere pelear el departamento. El radical ha empapelado algunas zonas del Sur con su rostro, su nombre y el sugerente \u201c2023\u201d,\u00a0que lo anuncian como un competidor m\u00e1s. De hecho, es esa misma intenci\u00f3n la que inquieta a algunos en el radicalismo y los ha llevado a pedir que se ordene el partido hacia adentro para no tener tres\u00a0aspirantes\u00a0distintos en el partido.<\/p>\n<p>En Guaymall\u00e9n aparece otro que ya hace campa\u00f1a fuerte desde hace meses: Gabriel Pradines. El hijo del ex diputado nacional por el PD milita en las filas del demarchismo duro y desde mayo es senador provincial. Promueve la educaci\u00f3n financiera en las escuelas y el aprendizaje de conocimientos en el mundo digital; intereses que ha llevado a proyectos legislativos. Sin embargo, su intenci\u00f3n es no llegar a los dos a\u00f1os en la banca; prefiere cambiarlos por el sill\u00f3n de Marcelino Iglesias.<\/p>\n<p>No s\u00f3lo \u201cpanfletea\u201d la comuna m\u00e1s poblada de la provincia, sino que no ha titubeado en criticar al cacique de la UCR cuando ha tenido chances. Desde falta de atenci\u00f3n en algunas calles a dardos picantes por la decisi\u00f3n \u2013tomada en el Concejo Deliberante- de\u00a0eliminar la figura de la reina de la Vendimia. Por esos ejes han llegado sus\u00a0cruces\u00a0con la intendencia que pretende ocupar desde 2023.<\/p>\n<p><strong>Un diputado y una senadora para Godoy Cruz<\/strong><br \/>\nDiego Costarelli\u00a0est\u00e1 en el pool de candidatos que tiene la\u00a0interna godoicruce\u00f1a.\u00a0La misma que este fin de semana agit\u00f3\u00a0Tadeo Garc\u00eda Zalazar\u00a0afirmando que su sucesor (o sucesora) debe\u00a0\u00abvenir desde los equipos t\u00e9cnicos\u00bb.\u00a0Al diputado, seg\u00fan afirman cerca de la comuna, lo consideran como una pieza de ese conjunto, porque tracciona en la Legislatura algunos de los intereses que el jefe territorial ha demostrado en sus siete a\u00f1os de gesti\u00f3n: terrenos en el polo TIC para hacer escuelas t\u00e9cnicas,\u00a0expropiaciones\u00a0para viviendas, etc\u00e9tera.<\/p>\n<p>Es uno de los \u201cdiegos\u201d que han sonado casi desde el inicio del segundo mandato en Godoy Cruz\u00a0para tomar las riendas desde este a\u00f1o. Los otros son\u00a0Coronel y Gareca.\u00a0Respoonsables de Obras y Servicios P\u00fablicos y de Cultura en el departamento, respectivamente. Aunque Costarelli, como todos en la interna, no ha explicitado sus intenciones, se sabe que es de los que\u00a0pican en punta\u00a0para afrontar la campa\u00f1a. Eso no ocurrir\u00e1 antes de abril, seg\u00fan piensan en el municipio.<\/p>\n<p>Pero Godoy Cruz tambi\u00e9n tiene otro nombre en la Legislatura: la senadora Gabriela Testa. Con m\u00e1s de 30 a\u00f1os de pol\u00edtica en sus espaldas, la legisladora ha sonado en otras oportunidades en intrigas pol\u00edticas parecidas. Esta vez, aparece una de las dos mujeres que podr\u00edan pegar el salto en esa comuna \u2013una de las m\u00e1s importantes en la m\u00edstica radical de los \u00faltimos quince a\u00f1os-. La otra mujer es Florencia Santoni, directora de Gesti\u00f3n Social en el departamento, y persona de mucha confianza para Tadeo.<\/p>\n<p><strong>Los Verdes buscan su departamento y Pezzutti levanta la interna en Maip\u00fa<\/strong><br \/>\nA la C\u00e1mara de Diputados le quedan m\u00e1s confirmados:\u00a0Emmanuel Fugazzotto, titular del monobloque que logr\u00f3 forzar el Partido Verde\u00a0en las \u00faltimas elecciones legislativas. En esos comicios de finales de 2021, la polarizaci\u00f3n entre peronistas y la (\u00bfex?) uni\u00f3n de la UCR y el PRO le cerr\u00f3 las puertas a casi todas las expresiones pol\u00edticas por fuera de\u00a0esa grieta.\u00a0S\u00f3lo los verdes lograron abrirse paso. Fugazzotto, con casi un a\u00f1o de experiencia en la Casa de las Leyes, tampoco quiere quedarse.<\/p>\n<p>Sus intenciones est\u00e1n en Las Heras. Es algo que ven\u00eda not\u00e1ndose desde la cantidad de cr\u00edticas a la gesti\u00f3n actual y a las expresiones que hace habitualmente desde su banca.\u00a0Hace d\u00edas, su precandidatura a la intendencia se formaliz\u00f3 en el aniversario del departamento. Por redes sociales avis\u00f3 a la comunidad que jugar\u00e1 para lograr el primer municipio ganado por el equipo que tambi\u00e9n empuja la\u00a0aspiraci\u00f3n a gobernador de Mario Vadillo.<\/p>\n<p>A metros suyo se sienta el diputado\u00a0Duilio Pezzutti.\u00a0El hombre de Maip\u00fa sue\u00f1a con ganar la comuna que ya es gobernada por el peronismo, pero no exactamente por la l\u00ednea a la que representa. El legislador es m\u00e1s\u00a0cercano a Anabel Fern\u00e1ndez Sagasti\u00a0que al intendente\u00a0Mat\u00edas Stevanato\u00a0y en redes sociales, no s\u00f3lo ha dejado claro que ya es uno de los competidores, sino que adem\u00e1s ha manifestado sus cr\u00edticas descarnadas al \u201ccompa\u00f1ero\u201d. Tanto, que\u00a0valieron la respuesta del jefe comunal\u00a0a finales del a\u00f1o pasado.<\/p>\n<p>Actualmente, es normal verlo haciendo campa\u00f1a por Twitter o recorriendo zonas alejadas de Maip\u00fa.<\/p>\n<p><strong>La agenda de inseguridad de Moyano y el \u201cPlan A\u201d del PJ sanrafaelino<\/strong><br \/>\nRafael Moyano\u00a0es uno de los dos senadores que m\u00e1s han mostrado su disidencia a los designios de la c\u00fapula pegotista. Desde hace meses es sabido que intenta\u00a0quedarse con Guaymall\u00e9n.\u00a0Es uno de los \u201crecontra anotados\u201d, y hace gala de ello con cr\u00edticas a la\u00a0gesti\u00f3n municipal\u00a0y recorridos en el territorio. Es com\u00fan verlo apuntar a los problemas de inseguridad (como el asesinato de Mart\u00edn Salzmann,\u00a0el due\u00f1o de un lubricentro, d\u00edas atr\u00e1s), ya que adem\u00e1s es miembro de la comisi\u00f3n bicameral que se ocupa del tema.<\/p>\n<p>Moyano\u00a0es miembro de lo que se llama Peronismo Alternativo: la facci\u00f3n de\u00a0Guillermo Carmona y Fernanda Lacoste\u00a0que casi pelea la presidencia del peronismo meses atr\u00e1s. Finalmente, con el apoyo cuasi retirado de parte de\u00a0Roberto Righi y Emir F\u00e9lix, decidieron no presentarse.\u00a0Sobre todo, luego de que Mat\u00edas Stevanato bajara su candidatura por, seg\u00fan dijo, entender que no lograba ser \u201cprenda de unidad\u201d.<\/p>\n<p>A\u00a0prop\u00f3sito de F\u00e9lix, a su hermano Omar hay que anotarlo en el sector de los que no est\u00e1n abiertamente definidos por la candidatura, pero que a la vez suena con m\u00e1s fuerza que nadie para hacerse cargo de San Rafael.\u00a0Omar, que fue intendente, es desde 2022 diputado provincial y uno de los pesos pesados en la Legislatura. Se ha dicho que interrumpir\u00eda su per\u00edodo (que va hasta 2025) para retomar el mando en el Sur. \u00c9l no lo ha confirmado abiertamente, pero es l\u00f3gico que, para muchos, sea la\u00a0\u201copci\u00f3n A\u201d.<\/p>\n<p>En frente, La C\u00e1mpora tiene nombres como el de\u00a0Nadir Yussuf,\u00a0concejal con aspiraciones. Pero no es claro que se animen a jugar en este terreno. O al menos, no lo dir\u00e1n hasta que no se sepa si un acuerdo con los F\u00e9lix es posible de cara a los comicios a gobernador.<\/p>\n<p><strong>Los que todav\u00eda no se anuncian<\/strong><br \/>\nA las bancas de la\u00a0incertidumbre\u00a0la lideran algunos de los nombres m\u00e1s importantes que tiene la Legislatura. Son inciertas, precisamente, porque sus due\u00f1os no han hecho expl\u00edcito que quieran jugar, pero s\u00ed son\u00a0considerados (y medidos por encuestas) para las comunas a las que pertenecen.<\/p>\n<p>En ese sector se ubican, por ejemplo, el senador\u00a0Mart\u00edn Kerchner Tomba y el presidente de la C\u00e1mara de Diputados, Andr\u00e9s Lombardi.\u00a0Ambos podr\u00edan competir por\u00a0Luj\u00e1n de Cuyo y Las Heras,\u00a0respectivamente. Sin embargo, en ambos se repite una idea: son de tal confianza para\u00a0Alfredo Cornejo\u00a0que bien podr\u00edan tener ofertas en el gabinete o hasta en la\u00a0f\u00f3rmula\u00a0para la gobernaci\u00f3n.<\/p>\n<p>Es decir, chances consideradas por muchos como\u00a0m\u00e1s seductoras\u00a0que mantenerse en el Poder Legislativo.<\/p>\n<p>En ese lugar aparece un lanzado, pero que est\u00e1 todav\u00eda bajo el manto de indefinici\u00f3n que ha sembrado su intendente: el peronista lavallino\u00a0Gerardo Vaquer.\u00a0De perfil t\u00e9cnico y con\u00a0mucha cercan\u00eda a Roberto Righi,\u00a0Vaquer desensill\u00f3 en Senadores a mediados de 2022 sabiendo que podr\u00eda no durar mucho all\u00ed. Es, al d\u00eda de hoy, la opci\u00f3n que asoma con m\u00e1s fuerza desde el righismo para\u00a0harcese cargo de la comuna. No tardar\u00eda mucho en oficializarse, puesto que el 11 de marzo ya hay que presentar listas, pero por ahora no lo quieren\u00a0blanquear.<\/p>\n<p>En el Norte no debe descartarse al diputado\u00a0Edgardo Gonz\u00e1lez, quien tambi\u00e9n es del c\u00edrculo de Righi.\u00a0Y por el radicalismo, es muy probable que vuelva a presentarse el\u00a0especialista en finanzas Jorge L\u00f3pez.<\/p>\n<p>En Maip\u00fa, dos senadoras aparecen en el radar radical:\u00a0Fernanda Sabad\u00edn y Mar\u00eda Mercedes Rus.\u00a0Aunque las dos han sonado en la \u00fanica comuna del Gran Mendoza que conduce el justicialismo, se sabe \u2013y es admitido por el c\u00edrculo de ambas- que\u00a0N\u00e9stor Majul, actual funcionario del Ministerio de Seguridad es quien tiene casi todas las\u00a0fichas para pelear la intendencia.\u00a0Eso no implica que dejen de mirarlas, incluso, como posibles competidoras, seg\u00fan expresaron fuentes de la UCR.<\/p>\n<p>A este sector de los a\u00fan no anunciados debe sumarse Ver\u00f3nica Valverde, mujer de mucha fuerza en el justicialismo de Las Heras y sondeada por alguna de las encuestadoras que empezaron a buscarle sucesor a Orozco. Hoy Valverde es diputada provincial y una de las referentes de Unidad Ciudadana, la fuerza de Anabel Fern\u00e1ndez Sagasti. No ser\u00eda la \u00fanica candidata en ese departamento si se decidiera a jugar, ya que en los \u00faltimos d\u00edas se conoci\u00f3 el avance del titular de ANSES, Carlos Gallo.<\/p>\n<p>Eso puede sumarse a lo que haga, adem\u00e1s,\u00a0el massismo, donde algunos esperaban que la figura de Rub\u00e9n Miranda volviese a emerger\u00a0con una candidatura.<\/p>\n<p>Por \u00faltimo, alguien que no es senador per se, pero conduce la c\u00e1mara:\u00a0Mario Abed.\u00a0No son pocos los rumores que hablan de su\u00a0regreso a Jun\u00edn\u00a0a finales de a\u00f1o. Todav\u00eda tiene tiempo para tomar su decisi\u00f3n, pero se sabe que est\u00e1 entre sus posibilidades.<\/p>\n<h6>Fuente: Uno<\/h6>\n","protected":false},"excerpt":{"rendered":"<p>Se dividen entre Cambia Mendoza, el Partido Verde y el peronismo local. A su vez, se diferencian entre los que est\u00e1n haciendo campa\u00f1a abiertamente y los que todav\u00eda esperan a que los \u00abhabiliten\u00bb desde arriba<\/p>\n","protected":false},"author":2,"featured_media":133978,"comment_status":"closed","ping_status":"closed","sticky":false,"template":"","format":"standard","meta":{"footnotes":""},"categories":[4],"tags":[31],"class_list":["post-133977","post","type-post","status-publish","format-standard","has-post-thumbnail","hentry","category-informe-politico","tag-mendoza"],"_links":{"self":[{"href":"http:\/\/argentinamunicipal.com.ar\/argentina\/wp-json\/wp\/v2\/posts\/133977","targetHints":{"allow":["GET"]}}],"collection":[{"href":"http:\/\/argentinamunicipal.com.ar\/argentina\/wp-json\/wp\/v2\/posts"}],"about":[{"href":"http:\/\/argentinamunicipal.com.ar\/argentina\/wp-json\/wp\/v2\/types\/post"}],"author":[{"embeddable":true,"href":"http:\/\/argentinamunicipal.com.ar\/argentina\/wp-json\/wp\/v2\/users\/2"}],"replies":[{"embeddable":true,"href":"http:\/\/argentinamunicipal.com.ar\/argentina\/wp-json\/wp\/v2\/comments?post=133977"}],"version-history":[{"count":0,"href":"http:\/\/argentinamunicipal.com.ar\/argentina\/wp-json\/wp\/v2\/posts\/133977\/revisions"}],"wp:featuredmedia":[{"embeddable":true,"href":"http:\/\/argentinamunicipal.com.ar\/argentina\/wp-json\/wp\/v2\/media\/133978"}],"wp:attachment":[{"href":"http:\/\/argentinamunicipal.com.ar\/argentina\/wp-json\/wp\/v2\/media?parent=133977"}],"wp:term":[{"taxonomy":"category","embeddable":true,"href":"http:\/\/argentinamunicipal.com.ar\/argentina\/wp-json\/wp\/v2\/categories?post=133977"},{"taxonomy":"post_tag","embeddable":true,"href":"http:\/\/argentinamunicipal.com.ar\/argentina\/wp-json\/wp\/v2\/tags?post=133977"}],"curies":[{"name":"wp","href":"https:\/\/api.w.org\/{rel}","templated":true}]}}