{"id":133992,"date":"2023-02-23T05:32:47","date_gmt":"2023-02-23T08:32:47","guid":{"rendered":"http:\/\/argentinamunicipal.com.ar\/argentina\/?p=133992"},"modified":"2023-02-22T19:35:07","modified_gmt":"2023-02-22T22:35:07","slug":"empleados-municipales-de-san-rafael-tendran-un-50-de-aumento-salarial-durante-el-primer-semestre","status":"publish","type":"post","link":"http:\/\/argentinamunicipal.com.ar\/argentina\/empleados-municipales-de-san-rafael-tendran-un-50-de-aumento-salarial-durante-el-primer-semestre\/","title":{"rendered":"Empleados municipales de San Rafael tendr\u00e1n un 50% de aumento salarial durante el primer semestre"},"content":{"rendered":"<p>El intendente Emir F\u00e9lix dispuso un incremento salarial del 50% para los trabajadores municipales de San Rafael. Dicho aumento se ejecutar\u00e1 durante el primer semestre del 2023.<\/p>\n<p>En el salario de febrero, que ser\u00e1 acreditado la semana que viene, la suba ser\u00e1 del 35%. El 15% restante se liquidar\u00e1 en dos cuotas: 7,5% abril y 7,5 en junio.<\/p>\n<p>El acuerdo se suscribi\u00f3 en las \u00faltimas horas entre el Ejecutivo Municipal y el Gremio del Personal Municipal de San Rafael.<\/p>\n<p>\u201cGracias a las cuentas ordenadas y el estatus financiero s\u00f3lido que tiene el Municipio de San Rafael se pudo suscribir este acuerdo que repercutir\u00e1 inmediatamente en el salario de los trabajadores municipales\u201d, destac\u00f3 el Secretario de Hacienda, Marcelo G\u00f3mez.<\/p>\n<p>Por su parte, el titular del gremio Municipal, Gabriel Rabino, indic\u00f3 que\u00a0\u201cestamos satisfechos con el acuerdo para este primer semestre, ya que nos deja abierta la posibilidad de volver a sentarnos en julio a debatir los salarios de acuerdo al progreso inflacionario\u201d.<\/p>\n<p>Fuente: diadelsur.com<\/p>\n","protected":false},"excerpt":{"rendered":"<p>El intendente Emir F\u00e9lix dispuso un incremento salarial del 50% para los trabajadores municipales de San Rafael. Dicho aumento se ejecutar\u00e1 durante el primer semestre del 2023.<\/p>\n","protected":false},"author":2,"featured_media":133993,"comment_status":"closed","ping_status":"closed","sticky":false,"template":"","format":"standard","meta":{"footnotes":""},"categories":[7],"tags":[31],"class_list":["post-133992","post","type-post","status-publish","format-standard","has-post-thumbnail","hentry","category-informe-sindical","tag-mendoza"],"_links":{"self":[{"href":"http:\/\/argentinamunicipal.com.ar\/argentina\/wp-json\/wp\/v2\/posts\/133992","targetHints":{"allow":["GET"]}}],"collection":[{"href":"http:\/\/argentinamunicipal.com.ar\/argentina\/wp-json\/wp\/v2\/posts"}],"about":[{"href":"http:\/\/argentinamunicipal.com.ar\/argentina\/wp-json\/wp\/v2\/types\/post"}],"author":[{"embeddable":true,"href":"http:\/\/argentinamunicipal.com.ar\/argentina\/wp-json\/wp\/v2\/users\/2"}],"replies":[{"embeddable":true,"href":"http:\/\/argentinamunicipal.com.ar\/argentina\/wp-json\/wp\/v2\/comments?post=133992"}],"version-history":[{"count":0,"href":"http:\/\/argentinamunicipal.com.ar\/argentina\/wp-json\/wp\/v2\/posts\/133992\/revisions"}],"wp:featuredmedia":[{"embeddable":true,"href":"http:\/\/argentinamunicipal.com.ar\/argentina\/wp-json\/wp\/v2\/media\/133993"}],"wp:attachment":[{"href":"http:\/\/argentinamunicipal.com.ar\/argentina\/wp-json\/wp\/v2\/media?parent=133992"}],"wp:term":[{"taxonomy":"category","embeddable":true,"href":"http:\/\/argentinamunicipal.com.ar\/argentina\/wp-json\/wp\/v2\/categories?post=133992"},{"taxonomy":"post_tag","embeddable":true,"href":"http:\/\/argentinamunicipal.com.ar\/argentina\/wp-json\/wp\/v2\/tags?post=133992"}],"curies":[{"name":"wp","href":"https:\/\/api.w.org\/{rel}","templated":true}]}}