{"id":1340,"date":"2014-02-17T17:43:12","date_gmt":"2014-02-17T20:43:12","guid":{"rendered":"http:\/\/argentinamunicipal.com.ar\/argentina\/?p=1340"},"modified":"2014-02-17T17:43:12","modified_gmt":"2014-02-17T20:43:12","slug":"intendente-de-calafate-en-lo-institucional-tenemos-que-trabajar-en-conjunto","status":"publish","type":"post","link":"http:\/\/argentinamunicipal.com.ar\/argentina\/intendente-de-calafate-en-lo-institucional-tenemos-que-trabajar-en-conjunto\/","title":{"rendered":"Intendente de Calafate: \u201cEn lo institucional tenemos que trabajar en conjunto\u201d"},"content":{"rendered":"<div id=\"attachment_1341\" style=\"width: 370px\" class=\"wp-caption alignright\"><a href=\"http:\/\/argentinamunicipal.com.ar\/argentina\/wp-content\/uploads\/2014\/02\/IMG36255.jpg\"><img loading=\"lazy\" decoding=\"async\" aria-describedby=\"caption-attachment-1341\" class=\"size-full wp-image-1341\" alt=\"Belloni adelant\u00f3 que seguir\u00e1 reclamando los fondos para su municipio.\" src=\"http:\/\/argentinamunicipal.com.ar\/argentina\/wp-content\/uploads\/2014\/02\/IMG36255.jpg\" width=\"360\" height=\"306\" srcset=\"http:\/\/argentinamunicipal.com.ar\/argentina\/wp-content\/uploads\/2014\/02\/IMG36255.jpg 360w, http:\/\/argentinamunicipal.com.ar\/argentina\/wp-content\/uploads\/2014\/02\/IMG36255-300x255.jpg 300w\" sizes=\"auto, (max-width: 360px) 100vw, 360px\" \/><\/a><p id=\"caption-attachment-1341\" class=\"wp-caption-text\">Belloni adelant\u00f3 que seguir\u00e1 reclamando los fondos para su municipio.<\/p><\/div>\n<p>El jefe comunal de El Calafate dijo que se debe trabajar en conjunto con la Provincia en lo institucional, pero tambi\u00e9n adelant\u00f3 que no dejar\u00e1 de reclamar una nueva coparticipaci\u00f3n y el cumplimiento de la \u201cLey Arabel\u201d. Dijo que espera una pronta definici\u00f3n judicial al respecto.<\/p>\n<p>Hablando poco sobre el \u201cacercamiento\u201d, el intendente calafatense Javier Belloni dej\u00f3 en claro que m\u00e1s all\u00e1 de alguna mejora en las relaciones con el Gobierno provincial, no dejar\u00e1 de reclamar los beneficios econ\u00f3micos para su localidad.<\/p>\n<p>\u201cEn lo institucional tenemos que trabajar en conjunto\u201d, dijo, escueto, el mandatario municipal de El Calafate, quien volvi\u00f3 a verse con el gobernador luego de dos a\u00f1os.<\/p>\n<p>Durante el lapso del corte de relaciones, Belloni critic\u00f3 duramente al gobernador provincial desde el bloque de intendentes del FPV.<\/p>\n<p>El jefe comunal siempre dijo que actuaba en defensa de los intereses de su comunidad y con el mismo fundamento, el a\u00f1o pasado llev\u00f3 sus reclamos a la Justicia.<\/p>\n<p>En el Tribunal Superior de Justicia se trata la demanda del Municipio calafatense contra el Gobierno provincial, juicio con el que el intendente ahora reclama una deuda actualizada de casi 50 millones de pesos, en concepto de acuerdos incumplidos y por los aportes de la denominada \u201cLey Arabel\u201d.<br \/>\n\u201cYo no voy a dejar de reclamar que El Calafate tiene que coparticipar de una manera diferente por la cantidad de habitantes que somos\u201d, dijo Javier Belloni despu\u00e9s del acto presidencial en su localidad, ceremonia que era entendida como el comienzo del acercamiento entre el gobernador con Naci\u00f3n, lo que tambi\u00e9n se trasladar\u00eda a los municipios kirchneristas.<\/p>\n<p>En di\u00e1logo con esta corresponsal\u00eda, tambi\u00e9n explic\u00f3 que un trabajo institucional en conjunto con la provincia no significa que deje de reclamar el cumplimiento de la llamada \u201cLey Arabel\u201d, reglamentaci\u00f3n provincial aprobada en la C\u00e1mara de Diputados y que el poder Ejecutivo dice que es inaplicable, cuyo objetivo es asegurar un piso de env\u00edo de fondos para los municipios.<\/p>\n<p>Uno de los puntos de la demanda judicial del Municipio calafatense contra la Provincia se refiere a dicha ley, reclamando que la Provincia incumple con la ley al no mandar fondos a esa municipalidad.<\/p>\n<p>\u201cEspero que la Justicia tome pronta definici\u00f3n\u201d, dijo el intendente calafatense.<\/p>\n<p>El intendente dijo que durante su estad\u00eda en El Calafate, no ha hablado del \u201cacercamiento\u201d con la presidenta Cristina Fern\u00e1ndez de Kirchner.<\/p>\n<p>El s\u00e1bado a \u00faltima hora, Javier Belloni recorri\u00f3 dos obras con la presidenta, ambos secundados por legisladores nacionales y provinciales, e intendentes.<br \/>\nLa obra de la terminal de \u00f3mnibus y la construcci\u00f3n del nuevo hospital de la ciudad fueron las obras visitadas.<\/p>\n<h6>Fuente: La Opini\u00f3n Austral<\/h6>\n","protected":false},"excerpt":{"rendered":"<p>El jefe comunal de El Calafate dijo que se debe trabajar en conjunto con la Provincia en lo institucional, pero tambi\u00e9n adelant\u00f3 que no dejar\u00e1 de reclamar una nueva coparticipaci\u00f3n y el cumplimiento de la \u201cLey Arabel\u201d. Dijo que espera una pronta definici\u00f3n judicial al respecto. Hablando poco sobre el \u201cacercamiento\u201d, el intendente calafatense Javier<\/p>\n","protected":false},"author":1,"featured_media":1341,"comment_status":"closed","ping_status":"closed","sticky":false,"template":"","format":"standard","meta":{"footnotes":""},"categories":[2],"tags":[29],"class_list":["post-1340","post","type-post","status-publish","format-standard","has-post-thumbnail","hentry","category-informe-municipal","tag-santa-cruz"],"_links":{"self":[{"href":"http:\/\/argentinamunicipal.com.ar\/argentina\/wp-json\/wp\/v2\/posts\/1340","targetHints":{"allow":["GET"]}}],"collection":[{"href":"http:\/\/argentinamunicipal.com.ar\/argentina\/wp-json\/wp\/v2\/posts"}],"about":[{"href":"http:\/\/argentinamunicipal.com.ar\/argentina\/wp-json\/wp\/v2\/types\/post"}],"author":[{"embeddable":true,"href":"http:\/\/argentinamunicipal.com.ar\/argentina\/wp-json\/wp\/v2\/users\/1"}],"replies":[{"embeddable":true,"href":"http:\/\/argentinamunicipal.com.ar\/argentina\/wp-json\/wp\/v2\/comments?post=1340"}],"version-history":[{"count":0,"href":"http:\/\/argentinamunicipal.com.ar\/argentina\/wp-json\/wp\/v2\/posts\/1340\/revisions"}],"wp:featuredmedia":[{"embeddable":true,"href":"http:\/\/argentinamunicipal.com.ar\/argentina\/wp-json\/wp\/v2\/media\/1341"}],"wp:attachment":[{"href":"http:\/\/argentinamunicipal.com.ar\/argentina\/wp-json\/wp\/v2\/media?parent=1340"}],"wp:term":[{"taxonomy":"category","embeddable":true,"href":"http:\/\/argentinamunicipal.com.ar\/argentina\/wp-json\/wp\/v2\/categories?post=1340"},{"taxonomy":"post_tag","embeddable":true,"href":"http:\/\/argentinamunicipal.com.ar\/argentina\/wp-json\/wp\/v2\/tags?post=1340"}],"curies":[{"name":"wp","href":"https:\/\/api.w.org\/{rel}","templated":true}]}}