{"id":13401,"date":"2014-08-14T09:19:58","date_gmt":"2014-08-14T12:19:58","guid":{"rendered":"http:\/\/argentinamunicipal.com.ar\/argentina\/?p=13401"},"modified":"2014-08-14T09:19:58","modified_gmt":"2014-08-14T12:19:58","slug":"quedo-inaugurado-en-bolivia-el-foro-de-participacion-ciudadana","status":"publish","type":"post","link":"http:\/\/argentinamunicipal.com.ar\/argentina\/quedo-inaugurado-en-bolivia-el-foro-de-participacion-ciudadana\/","title":{"rendered":"Qued\u00f3 inaugurado en Bolivia el Foro de Participaci\u00f3n Ciudadana"},"content":{"rendered":"<div id=\"attachment_13402\" style=\"width: 566px\" class=\"wp-caption alignleft\"><a href=\"http:\/\/argentinamunicipal.com.ar\/argentina\/wp-content\/uploads\/2014\/08\/007243.jpg\"><img loading=\"lazy\" decoding=\"async\" aria-describedby=\"caption-attachment-13402\" class=\"size-full wp-image-13402\" src=\"http:\/\/argentinamunicipal.com.ar\/argentina\/wp-content\/uploads\/2014\/08\/007243.jpg\" alt=\"Qued\u00f3 inaugurado en Bolivia el Foro de Participaci\u00f3n Ciudadana Morales abre las sesiones del Foro, ayer en Tiquipaya\" width=\"556\" height=\"371\" srcset=\"http:\/\/argentinamunicipal.com.ar\/argentina\/wp-content\/uploads\/2014\/08\/007243.jpg 556w, http:\/\/argentinamunicipal.com.ar\/argentina\/wp-content\/uploads\/2014\/08\/007243-300x200.jpg 300w\" sizes=\"auto, (max-width: 556px) 100vw, 556px\" \/><\/a><p id=\"caption-attachment-13402\" class=\"wp-caption-text\">Qued\u00f3 inaugurado en Bolivia el Foro de Participaci\u00f3n Ciudadana<br \/>Morales abre las sesiones del Foro, ayer en Tiquipaya<\/p><\/div>\n<p>El presidente boliviano, Evo Morales inaugur\u00f3 ayer en la poblaci\u00f3n de Tiquipaya, Cochabamba, el I Foro de Participaci\u00f3n Ciudadana de la Uni\u00f3n de Naciones Suramericanas (Unasur) y destac\u00f3 el surgimiento de nuevos organismos de integraci\u00f3n cuyo objetivo es luchar contra el imperialismo.<\/p>\n<p>\u00abEstaba pensando porqu\u00e9 se gestan nuevos organismos de integraci\u00f3n como Unasur, Mercosur (Mercado Com\u00fan del Sur), porque hay un profundo sentimiento no solamente de los movimientos sociales de Am\u00e9rica Latina y el Caribe, sino tambi\u00e9n de movimientos pol\u00edticos de l\u00edderes pol\u00edticos para liberarnos del imperio norteamericano, se gestan estos espacios de debate permanente\u00bb, indic\u00f3.<\/p>\n<p>Morales, ante un auditorio colmado de representantes de pa\u00edses de la regi\u00f3n, explic\u00f3 que en esos organismos multilaterales el tema central de debate, adem\u00e1s de la integraci\u00f3n de Estados y gobiernos, es la integraci\u00f3n con sus movimientos sociales.<\/p>\n<p>El primer Foro de Participaci\u00f3n Ciudadana en el proceso de consolidaci\u00f3n de la Integraci\u00f3n Regional de la Unasur se instal\u00f3 el mi\u00e9rcoles en el municipio de Tiquipaya, en el departamento boliviano de Cochabamba.<\/p>\n<p>En el encuentro se dise\u00f1ar\u00e1 lineamientos generales de trabajo, la identificaci\u00f3n de las agendas prioritarias y determinaci\u00f3n de las acciones que se asumir\u00e1n en conjunto por todos los pa\u00edses miembros.<\/p>\n<p>\u00abMucha reflexi\u00f3n, hermanas y hermanos, para seguir este proceso de liberaci\u00f3n de Am\u00e9rica Latina y el Caribe\u00bb, a\u00f1adi\u00f3 Morales ante m\u00e1s de 200 representantes de los movimientos sociales de los pa\u00edses miembros de la Unasur reunidos en el municipio de Tiquipaya.<\/p>\n<p>El Jefe de Estado expres\u00f3 que se espera de los sectores sociales del bloque hemisf\u00e9rico tengan una incursi\u00f3n \u00abparticipativa y decisiva\u00bb en el debate permanente de la integraci\u00f3n de Estados y gobiernos en medio de un momento hist\u00f3rico contra la dominaci\u00f3n externa.<\/p>\n<p>Los pueblos de Am\u00e9rica Latina viven momentos interesantes de liberaci\u00f3n democr\u00e1tica con guerrilleros del pasado como presidentes, como los casos de Jos\u00e9 Mujica, de Uruguay; Daniel Ortega, de Nicaragua; y Dilma Rousseff, de Brasil, entre otros, que enfrentan al imperio norteamericano, record\u00f3.<\/p>\n<p>\u00abNo pueden seguir gobernando ni banqueros ni empresarios, deben ser los movimientos sociales a la cabeza de los movimientos pol\u00edticos de liberaci\u00f3n\u00bb, acot\u00f3.<\/p>\n<p>El mandatario sostuvo, por otro lado, que los movimientos sociales de la Unasur tienen ahora la responsabilidad de tener un \u00abdebate de frente\u00bb con propuestas para contar con una revoluci\u00f3n pac\u00edfica, democr\u00e1tica y social.<\/p>\n<h6>Fuente: Tucum\u00e1n Hoy<\/h6>\n","protected":false},"excerpt":{"rendered":"<p>El presidente boliviano, Evo Morales inaugur\u00f3 ayer en la poblaci\u00f3n de Tiquipaya, Cochabamba, el I Foro de Participaci\u00f3n Ciudadana de la Uni\u00f3n de Naciones Suramericanas (Unasur) y destac\u00f3 el surgimiento de nuevos organismos de integraci\u00f3n cuyo objetivo es luchar contra el imperialismo. \u00abEstaba pensando porqu\u00e9 se gestan nuevos organismos de integraci\u00f3n como Unasur, Mercosur (Mercado<\/p>\n","protected":false},"author":2,"featured_media":13402,"comment_status":"closed","ping_status":"closed","sticky":false,"template":"","format":"standard","meta":{"footnotes":""},"categories":[22],"tags":[57],"class_list":["post-13401","post","type-post","status-publish","format-standard","has-post-thumbnail","hentry","category-el-mundo","tag-el-mundo"],"_links":{"self":[{"href":"http:\/\/argentinamunicipal.com.ar\/argentina\/wp-json\/wp\/v2\/posts\/13401","targetHints":{"allow":["GET"]}}],"collection":[{"href":"http:\/\/argentinamunicipal.com.ar\/argentina\/wp-json\/wp\/v2\/posts"}],"about":[{"href":"http:\/\/argentinamunicipal.com.ar\/argentina\/wp-json\/wp\/v2\/types\/post"}],"author":[{"embeddable":true,"href":"http:\/\/argentinamunicipal.com.ar\/argentina\/wp-json\/wp\/v2\/users\/2"}],"replies":[{"embeddable":true,"href":"http:\/\/argentinamunicipal.com.ar\/argentina\/wp-json\/wp\/v2\/comments?post=13401"}],"version-history":[{"count":0,"href":"http:\/\/argentinamunicipal.com.ar\/argentina\/wp-json\/wp\/v2\/posts\/13401\/revisions"}],"wp:featuredmedia":[{"embeddable":true,"href":"http:\/\/argentinamunicipal.com.ar\/argentina\/wp-json\/wp\/v2\/media\/13402"}],"wp:attachment":[{"href":"http:\/\/argentinamunicipal.com.ar\/argentina\/wp-json\/wp\/v2\/media?parent=13401"}],"wp:term":[{"taxonomy":"category","embeddable":true,"href":"http:\/\/argentinamunicipal.com.ar\/argentina\/wp-json\/wp\/v2\/categories?post=13401"},{"taxonomy":"post_tag","embeddable":true,"href":"http:\/\/argentinamunicipal.com.ar\/argentina\/wp-json\/wp\/v2\/tags?post=13401"}],"curies":[{"name":"wp","href":"https:\/\/api.w.org\/{rel}","templated":true}]}}