{"id":134048,"date":"2023-02-27T05:00:14","date_gmt":"2023-02-27T08:00:14","guid":{"rendered":"http:\/\/argentinamunicipal.com.ar\/argentina\/?p=134048"},"modified":"2023-02-23T19:56:05","modified_gmt":"2023-02-23T22:56:05","slug":"alfredo-cornejo-presento-a-los-candidatos-que-competiran-por-la-intendencia-peronista-de-la-paz","status":"publish","type":"post","link":"http:\/\/argentinamunicipal.com.ar\/argentina\/alfredo-cornejo-presento-a-los-candidatos-que-competiran-por-la-intendencia-peronista-de-la-paz\/","title":{"rendered":"Alfredo Cornejo present\u00f3 a los candidatos que competir\u00e1n por la intendencia peronista de La Paz"},"content":{"rendered":"<p>Se trata del dirigente radical Osvaldo Naves y de Ramiro Blanco, hijo de un exintendente. El precandidato a la gobernaci\u00f3n Alfredo Cornejo dijo que competir\u00e1n en una \u00absana interna\u00bb<\/p>\n<p>Alfredo Cornejo present\u00f3 a sus dos precandidatos en La Paz, uno de los departamentos que desdobla. Estos son Osvaldo Naves (izquierda) y Ramiro Blanco (derecha). Dijo que competir\u00e1n en una interna \u00absana y cooperativa\u00bb.<br \/>\nEn su\u00a0carrera por la gobernaci\u00f3n de Mendoza, el radical\u00a0Alfredo Cornejo\u00a0no descuida los departamentos. As\u00ed, en la ma\u00f1ana de este mi\u00e9rcoles, concurri\u00f3 a La Paz -departamento que el kirchnerismo gan\u00f3 en el 2019, despu\u00e9s de 19 a\u00f1os de gesti\u00f3n radical- por ser uno de los siete departamentos que desdobla. Lo hizo para presentar a dos precandidatos a intendente por el frente oficialista.<\/p>\n<p>Se trata del dirigente radical, Osvaldo Naves y Ramiro Blanco, hijo del exintendente Marcelino Blanco.<\/p>\n<p>Cornejo afirm\u00f3 que \u00abcompetir\u00e1n en una interna sana y cooperativa\u00bb, y con el \u00fanico objetivo de volver a ser gobierno en La Paz.<\/p>\n<p>El senador nacional hizo hincapi\u00e9 en el desarrollo del departamento del Este, sosteniendo que hay posibilidades y que es Cambia Mendoza el frente que se las puede dar.<\/p>\n<p><strong>Ubieta va por su segundo per\u00edodo en La Paz<\/strong><br \/>\nEn el otro lado de la grieta se encuentra el actual\u00a0intendente peronista Fernando Ubieta, quien todav\u00eda puede pelear por un nuevo mandato.<\/p>\n<p>Ubierta gan\u00f3 las elecciones en el 2019, pertenece al sector kirchnerista del peronismo, aunque es el kirchnerista que se mueve con mayor independencia dentro del Frente de Todos.<\/p>\n<p>Adem\u00e1s de haber ganado como jefe comunal a Diego Guzm\u00e1n (UCR &#8211; FCM) en el 2019, en las elecciones de medio t\u00e9rmino del 2021, tambi\u00e9n consigui\u00f3 una victoria.<\/p>\n<p>En el 2023 va a intentar la misma haza\u00f1a, aunque con varios factores en contra. Uno de ellos es la desorganizaci\u00f3n interna que tiene el peronismo, que actualmente tiene\u00a0fracturas internas entre peronistas tradicionales, kirchneristas de anta\u00f1o y camporistas.<\/p>\n<p>La otra es la\u00a0proliferaci\u00f3n de precandidatos,\u00a0puesto que este fen\u00f3meno le quita fuerzas a la f\u00f3rmula que m\u00e1s votos pueda llegar a obtener.<\/p>\n<p>En este panorama, los dos precandidatos de Corenjo en las PASO hacen bastante ruido en el departamento del Este.<\/p>\n<h6>Fuente: Uno<\/h6>\n","protected":false},"excerpt":{"rendered":"<p>Se trata del dirigente radical Osvaldo Naves y de Ramiro Blanco, hijo de un exintendente. El precandidato a la gobernaci\u00f3n Alfredo Cornejo dijo que competir\u00e1n en una \u00absana interna\u00bb<\/p>\n","protected":false},"author":2,"featured_media":134049,"comment_status":"closed","ping_status":"closed","sticky":false,"template":"","format":"standard","meta":{"footnotes":""},"categories":[4],"tags":[31],"class_list":["post-134048","post","type-post","status-publish","format-standard","has-post-thumbnail","hentry","category-informe-politico","tag-mendoza"],"_links":{"self":[{"href":"http:\/\/argentinamunicipal.com.ar\/argentina\/wp-json\/wp\/v2\/posts\/134048","targetHints":{"allow":["GET"]}}],"collection":[{"href":"http:\/\/argentinamunicipal.com.ar\/argentina\/wp-json\/wp\/v2\/posts"}],"about":[{"href":"http:\/\/argentinamunicipal.com.ar\/argentina\/wp-json\/wp\/v2\/types\/post"}],"author":[{"embeddable":true,"href":"http:\/\/argentinamunicipal.com.ar\/argentina\/wp-json\/wp\/v2\/users\/2"}],"replies":[{"embeddable":true,"href":"http:\/\/argentinamunicipal.com.ar\/argentina\/wp-json\/wp\/v2\/comments?post=134048"}],"version-history":[{"count":0,"href":"http:\/\/argentinamunicipal.com.ar\/argentina\/wp-json\/wp\/v2\/posts\/134048\/revisions"}],"wp:featuredmedia":[{"embeddable":true,"href":"http:\/\/argentinamunicipal.com.ar\/argentina\/wp-json\/wp\/v2\/media\/134049"}],"wp:attachment":[{"href":"http:\/\/argentinamunicipal.com.ar\/argentina\/wp-json\/wp\/v2\/media?parent=134048"}],"wp:term":[{"taxonomy":"category","embeddable":true,"href":"http:\/\/argentinamunicipal.com.ar\/argentina\/wp-json\/wp\/v2\/categories?post=134048"},{"taxonomy":"post_tag","embeddable":true,"href":"http:\/\/argentinamunicipal.com.ar\/argentina\/wp-json\/wp\/v2\/tags?post=134048"}],"curies":[{"name":"wp","href":"https:\/\/api.w.org\/{rel}","templated":true}]}}