{"id":134057,"date":"2023-02-27T05:05:24","date_gmt":"2023-02-27T08:05:24","guid":{"rendered":"http:\/\/argentinamunicipal.com.ar\/argentina\/?p=134057"},"modified":"2023-02-23T20:09:07","modified_gmt":"2023-02-23T23:09:07","slug":"la-municipalidad-de-rosario-busca-plantar-20-mil-arboles-en-2023","status":"publish","type":"post","link":"http:\/\/argentinamunicipal.com.ar\/argentina\/la-municipalidad-de-rosario-busca-plantar-20-mil-arboles-en-2023\/","title":{"rendered":"La Municipalidad de Rosario busca plantar 20 mil \u00e1rboles en 2023"},"content":{"rendered":"<p>Se priorizar\u00e1n especies nativas y ya hay 7 mil ejemplares destinados a cubrir cazuelas del arbolado de veredas. El censo de espacios verdes comenzar\u00e1 en septiembre<\/p>\n<p>El\u00a0Plan Anual de Arbolado\u00a0que contempla el municipio tiene, en su gu\u00eda, la plantaci\u00f3n de\u00a020.000 \u00e1rboles durante 2023 en distintos puntos de la ciudad, entre espacios verdes, corredores biol\u00f3gicos y veredas de calles y avenidas. El programa\u00a0contempla priorizar las especies nativas\u00a0y cubrir, hasta ahora, 7.000 cazuelas vac\u00edas de arbolado de alineaci\u00f3n (los ejemplares plantados linealmente en las veredas); sin embargo, se\u00f1alaron que ese n\u00famero ir\u00e1 en aumento ya que quedan algunas zonas de la ciudad por relevar. Por su parte, adelantaron que,\u00a0para septiembre, cuando los \u00e1rboles comiencen a exhibir su follaje, se dar\u00e1 inicio al censo de arbolado de espacios verdes, que se realizar\u00e1 por primera vez en la ciudad.<\/p>\n<p>La \u00faltima reuni\u00f3n de la Mesa de Arbolado, de la que participan funcionarios municipales, profesionales, especialistas y distintas ONGs, se llev\u00f3 a cabo hace unos d\u00edas para concluir la confecci\u00f3n de la gu\u00eda de acciones que llevar\u00e1 adelante el municipio este a\u00f1o, la que debe presentarse anualmente ante la provincia como parte de la ley de arbolado provincial (13.836). En di\u00e1logo con\u00a0La Capital, la subsecretaria de Cambio Clim\u00e1tico, Mar\u00eda del Pilar Bueno Rubial, explic\u00f3 que el documento \u201cincluye\u00a0diagn\u00f3sticos con instrumentos nuevos, basados en ciencia, y metas espec\u00edficas de plantaciones, extracciones, mantenimiento y conservaci\u00f3n\u201d.<\/p>\n<p>Como parte del plan estipulado para este a\u00f1o, Bueno Rubial detall\u00f3 que se plantar\u00e1n 20.000 \u00e1rboles en la ciudad durante el 2023: \u201cDe ese total, un m\u00ednimo de 7.000 ir\u00e1n a arbolado de alineaci\u00f3n. Ya tenemos identificadas las cazuelas donde se van a plantar\u201d.<\/p>\n<p>Las\u00a0primeras zonas a cubrir ser\u00e1n el centro, macrocentro, un sector de zona norte, otro de zona noroeste y parte del sur, sectores relevados desde el a\u00f1o pasado para saber qu\u00e9 veredas tienen cazuelas en condiciones como para plantar \u00e1rboles. \u201cDesde septiembre del a\u00f1o pasado tenemos un equipo abocado solo a relevar cazuelas para conocer las condiciones de las que est\u00e1n vac\u00edas\u201d, explic\u00f3. La funcionaria se\u00f1al\u00f3 que faltan \u201cun mont\u00f3n de barrios\u201d para relevar, por lo que el\u00a0n\u00famero final de cazuelas disponibles para plantar \u00e1rboles va a ir aumentando.<\/p>\n<p>\u201cLa\u00a0prioridad de plantaci\u00f3n es para especies nativas. En el vivero del Bosque de los Constituyentes ya\u00a0tenemos m\u00e1s de 3.500 \u00e1rboles listos para plantar, tanto en espacios verdes como en otros corredores\u201d, dijo, para agregar que est\u00e1n buscando viveros de la zona para tener m\u00e1s ejemplares disponibles. De todos modos, aclar\u00f3 que las especies van a variar seg\u00fan la ubicaci\u00f3n porque \u201chay especies que no van en arbolado de alineaci\u00f3n pero que en espacios verdes, como parques y plazas, van perfecto\u201d.<\/p>\n<p><strong>Especies para las veredas<\/strong><br \/>\nTras las reuniones, Bueno Rubial coment\u00f3 que se\u00a0acordaron alrededor de diez especies como opciones para plantar en las veredas de calles y avenidas: \u201cVamos a seguir teniendo \u00e1rboles de gran porte y otros de peque\u00f1o porte, para lugares m\u00e1s estrechos\u201d.<\/p>\n<p>\u201cSe va a priorizar esto\u00a0conforme a la localizaci\u00f3n de ese \u00e1rbol. Porque si vamos a plantar en una calle con una vereda estrecha donde hay una cazuela, no podemos poner un \u00e1rbol de gran porte\u201d, a\u00f1adi\u00f3.<\/p>\n<p>De acuerdo al plan y seg\u00fan indicaron desde la Municipalidad,\u00a0algunas de las especies a plantar\u00a0son almez, arce, ciruelo de jard\u00edn, cresp\u00f3n, fresno, ginkgo, ibirapit\u00e1, jacarand\u00e1, lapacho amarillo, lapacho rosado, liquid\u00e1mbar, pezu\u00f1a de vaca, pl\u00e1tano, roble, roble sedoso, tilo, tipa y tulipanero.<\/p>\n<p><strong>Censo en espacios verdes<\/strong><br \/>\nLas reuniones de la Mesa de Arbolado continuar\u00e1n durante todo el a\u00f1o para\u00a0delinear c\u00f3mo se llevar\u00e1 adelante el primer censo de espacios verdes en la ciudad. Este relevamiento ser\u00e1 la\u00a0antesala del censo de alineaci\u00f3n\u00a0que se desarrollar\u00e1 entre 2024 y 2025 para actualizar el que se public\u00f3 en 2015, ya que se hace cada diez a\u00f1os.<\/p>\n<p>\u201cComenzaremos con la contrataci\u00f3n de nuevos ingenieros e ingenieras forestales para liderar los procesos de capacitaci\u00f3n t\u00e9cnicas a los equipos y generamos nuevos convenios con la UNR para poder generar equipos de censistas y procesos de capacitaci\u00f3n junto con nuestros equipos\u201d, detall\u00f3.<\/p>\n<p>Por su parte, la subsecretaria explic\u00f3 que, adem\u00e1s, est\u00e1n\u00a0desarrollando una aplicaci\u00f3n para tener a mano herramientas de geolocalizaci\u00f3n\u00a0mientras se haga el censo. A diferencia del relevamiento de alineaci\u00f3n, el arbolado de espacios verdes no est\u00e1 asociado a una direcci\u00f3n y una altura como s\u00ed pasa con los \u00e1rboles de alineaci\u00f3n.<\/p>\n<p>El\u00a0censo de arbolado de espacios verdes comenzar\u00e1 entre septiembre y octubre\u00a0ya que para realizarlo es preciso que los \u00e1rboles ya exhiban un buen follaje. En agosto se har\u00e1n pruebas en dos parques de distintas dimensiones para probar la aplicaci\u00f3n y realizar los ajustes necesarios sobre los equipos de censistas.<\/p>\n<p>\u201cLa idea es poder generar, como se hizo hace diez a\u00f1os con el censo de alineaci\u00f3n, equipos mixtos de trabajo: ingenieros forestales que se especializan en arbolado para dirigir la parte t\u00e9cnica; equipos inform\u00e1ticos que carguen correctamente los datos; y grupos de censistas conformados por gente de la Municipalidad y de la UNR para poder salir a hacer el relevamiento\u201d, concluy\u00f3.<\/p>\n<h6>Fuente: La Capital<\/h6>\n","protected":false},"excerpt":{"rendered":"<p>Se priorizar\u00e1n especies nativas y ya hay 7 mil ejemplares destinados a cubrir cazuelas del arbolado de veredas. El censo de espacios verdes comenzar\u00e1 en septiembre<\/p>\n","protected":false},"author":2,"featured_media":134058,"comment_status":"closed","ping_status":"closed","sticky":false,"template":"","format":"standard","meta":{"footnotes":""},"categories":[2],"tags":[10],"class_list":["post-134057","post","type-post","status-publish","format-standard","has-post-thumbnail","hentry","category-informe-municipal","tag-santa-fe"],"_links":{"self":[{"href":"http:\/\/argentinamunicipal.com.ar\/argentina\/wp-json\/wp\/v2\/posts\/134057","targetHints":{"allow":["GET"]}}],"collection":[{"href":"http:\/\/argentinamunicipal.com.ar\/argentina\/wp-json\/wp\/v2\/posts"}],"about":[{"href":"http:\/\/argentinamunicipal.com.ar\/argentina\/wp-json\/wp\/v2\/types\/post"}],"author":[{"embeddable":true,"href":"http:\/\/argentinamunicipal.com.ar\/argentina\/wp-json\/wp\/v2\/users\/2"}],"replies":[{"embeddable":true,"href":"http:\/\/argentinamunicipal.com.ar\/argentina\/wp-json\/wp\/v2\/comments?post=134057"}],"version-history":[{"count":0,"href":"http:\/\/argentinamunicipal.com.ar\/argentina\/wp-json\/wp\/v2\/posts\/134057\/revisions"}],"wp:featuredmedia":[{"embeddable":true,"href":"http:\/\/argentinamunicipal.com.ar\/argentina\/wp-json\/wp\/v2\/media\/134058"}],"wp:attachment":[{"href":"http:\/\/argentinamunicipal.com.ar\/argentina\/wp-json\/wp\/v2\/media?parent=134057"}],"wp:term":[{"taxonomy":"category","embeddable":true,"href":"http:\/\/argentinamunicipal.com.ar\/argentina\/wp-json\/wp\/v2\/categories?post=134057"},{"taxonomy":"post_tag","embeddable":true,"href":"http:\/\/argentinamunicipal.com.ar\/argentina\/wp-json\/wp\/v2\/tags?post=134057"}],"curies":[{"name":"wp","href":"https:\/\/api.w.org\/{rel}","templated":true}]}}