{"id":134133,"date":"2023-02-28T05:00:06","date_gmt":"2023-02-28T08:00:06","guid":{"rendered":"http:\/\/argentinamunicipal.com.ar\/argentina\/?p=134133"},"modified":"2023-02-27T19:30:08","modified_gmt":"2023-02-27T22:30:08","slug":"las-demoras-en-los-juicios-de-lesa-humanidad","status":"publish","type":"post","link":"http:\/\/argentinamunicipal.com.ar\/argentina\/las-demoras-en-los-juicios-de-lesa-humanidad\/","title":{"rendered":"Las demoras en los juicios de lesa humanidad"},"content":{"rendered":"<p>Tras el cierre de la feria, s\u00f3lo ha comenzado un juicio y hay otros tres anunciados para marzo de pocos acusados. El mayor embudo sigue siendo la falta de tribunales orales. Nueva etapa de \u00abjuicios cortos\u00bb y la mirada de sobrevivientes y familiares.<\/p>\n<p>El letargo para avanzar en el juzgamiento de los cr\u00edmenes de la \u00faltima dictadura sigue siendo la norma adoptada por la Justicia, a 20 a\u00f1os de la anulaci\u00f3n de las leyes de impunidad que dio luz verde para retomar ese proceso. Hasta el momento y desde principios de mes, tras el cierre de la feria judicial de verano, ha comenzado un solo juicio de lesa humanidad y hay otros tres procesos orales anunciados para marzo, de pocos acusados por pu\u00f1ados de casos.<\/p>\n<p>\u201cEntramos en la etapa de juicios cortos\u201d, coinciden fuentes vinculadas directamente con las investigaciones judiciales sobre el plan sistem\u00e1tico de secuestro, tortura y exterminio que desplegaron los represores de la \u00faltima dictadura c\u00edvico militar eclesi\u00e1stica. La descripci\u00f3n no necesariamente indica un problema, sino m\u00e1s bien pinta un estado de situaci\u00f3n. En ese sentido, la titular de la Procuradur\u00eda de Cr\u00edmenes Contra la Humanidad (PCCH), \u00c1ngeles Ramos, considera que \u201cel estado del proceso de juzgamiento de los delitos de la dictadura se muestra con actividad, m\u00e1s all\u00e1 de las diferencias de intensidad que se evidencian en las distintas jurisdicciones\u201d.<\/p>\n<p>Seg\u00fan el an\u00e1lisis de quienes empujan estos expedientes a diario, a excepci\u00f3n de tramos \u201cresiduales\u201d (los segundos, terceros, cuartos y siguientes fragmentos de causas que han tenido un primer juicio inaugural en el que suelen quedar hechos, casos e imputados fuera o que las instrucciones siguen su camino),\u00a0hay pocas megacausas que est\u00e9n a la espera de su juicio oral o que est\u00e9n trabaj\u00e1ndose en los juzgados de instrucci\u00f3n. De hecho, desde los juzgados federales han venido clausurando y elevando a debate oral tramos peque\u00f1os de las investigaciones.<\/p>\n<p>Tal manera de proceder, no obstante,\u00a0\u201cno indica necesariamente intenci\u00f3n de frenar el proceso\u201d de juzgamiento a genocidas, advierten las fuentes.\u00a0Las hip\u00f3tesis que pueden explicarla son muchas: \u201cPuede suceder que se est\u00e9n apurando porque tal o cual imputado es mayor y entonces antes de que quede imposibilitado de ser juzgado o muera, mejor que haya juicio\u201d, aventuran.<\/p>\n<p>El mayor embudo\u00a0que evidencia el proceso sigue siendo, desde hace ya varios a\u00f1os,\u00a0la falta de tribunales orales disponibles para concretar debates orales con celeridad. \u201cLa agenda de juicios est\u00e1 limitada a la posibilidad real de los tribunales en funcionamiento\u201d, resalt\u00f3 Ramos. Muchos tribunales federales en el pa\u00eds deben ser integrados por jueces de otras jurisdicciones en modo subrogante, que deben \u201ccoordinar agendas\u201d para dedicar d\u00edas semanales \u2013con suerte\u2013 a audiencias en juicios de lesa humanidad.<\/p>\n<p>As\u00ed,\u00a0no solo es un problema la demora en la realizaci\u00f3n de juicios orales. Tambi\u00e9n lo es la tramitaci\u00f3n de los debates que est\u00e1n activos, con audiencias cortas \u2013de dos o tres horas\u2013, semanales e incluso quincenales en juicios que se extienden durante meses o incluso a\u00f1os. En\u00a0La Plata, por ejemplo, el megajuicio por los cr\u00edmenes de los pozos de Banfield y Quilmes y el ccd El Infierno \u2013de 13 imputados y centenares de v\u00edctimas\u2013 lleva dos a\u00f1os de audiencias testimoniales y, con la incorporaci\u00f3n de dos tramos elevado a juicio en noviembre de 2022, se espera que contin\u00fae durante todo este a\u00f1o.\u00a0\u201cLa misma cantidad de testimonios que o\u00edmos en dos a\u00f1os de juicio se concret\u00f3 en Circuito Camps, hace algunos a\u00f1os, en 9 meses\u201d, destacaron desde una de las querellas.<\/p>\n<p>La soluci\u00f3n a este inconveniente \u201ces pol\u00edtica\u201d, postulan las fuentes. En septiembre pasado el Senado trat\u00f3 una treintena de pliegos; el Consejo tiene todav\u00eda decenas de concursos por definir, al igual que el Poder Ejecutivo. Mientras, los subrogantes toman cargos y se sobrecargan sus agendas por un incremento nutrido en sus sueldos.<\/p>\n<p>A esto hay que sumarle, tal como lo evidencian las estad\u00edsticas de los \u00faltimos a\u00f1os de la PCCH, el circuito ag\u00f3nico que transitan los expedientes entre la sentencia que logran en primera instancia, tras el juicio oral, y las etapas recursivas \u2013sobre todo en la C\u00e1mara de Casaci\u00f3n y la Corte Suprema, que guarda en sus gavetas cientos de planteos por resolver, algunos con a\u00f1os de espera\u2013.\u00a0Mientras, el tiempo pasa y suma a\u00f1os\u00a0tanto a imputados por su participaci\u00f3n en la represi\u00f3n asesina de la \u00faltima dictadura, como a sobrevivientes y familiares de quienes sufrieron el horror envejecen. Y contra el tiempo no hay Justicia que valga.<\/p>\n<p><strong>El avance a cuenta gotas<\/strong><br \/>\n2022 culmin\u00f3 con dos juicios de lesa humanidad prometidos para el primer mes post feria estival. Eran dos juicios de cierta envergadura que estar\u00edan a cargo del Tribunal Oral Federal n\u00famero 6, pero con diferente integraci\u00f3n. Uno, el que el sistema judicial decidi\u00f3 bautizar como\u00a0\u201cSuperintendencia de Seguridad federal III\u201d, comenz\u00f3 el primer viernes de febrero\u00a0con el prop\u00f3sito de juzgar a 17 polic\u00edas retirados de la Federal por el homicidio de 12 personas asesinadas \u2013dos permanecen desaparecidas\u2013 en seis operativos ilegales llevados a cabo durante la \u00faltima dictadura.<\/p>\n<p>El otro promet\u00eda revisar el tercer tramo de la causa que investig\u00f3 las violaciones a los derechos humanos que sufrieron personas cautivas en el centro clandestino conocido como\u00a0\u201cPuente 12\u201d, que funcion\u00f3 en el partido bonaerense de La Matanza. Seis imputados \u2013cuatro retirados de la Polic\u00eda bonaerense y dos del ex Batall\u00f3n de Inteligencia 601\u2013 acusados de delitos de lesa humanidad contra 185 personas.\u00a0El debate deb\u00eda comenzar a fines de 2022, pero\u00a0por \u201ccuestiones de agenda\u201d los jueces subrogantes del TOF, dirigido en esta ocasi\u00f3n por el magistrado Daniel Obligado,\u00a0decidieron posponerlo para el \u00faltimo d\u00eda de febrero actual, el 28.<\/p>\n<p>\u201cNosotros pedimos una audiencia preliminar antes para exigir dos audiencias por semana, que la primera sea presencial con todos los imputados, que se televise luego.\u00a0Pues los jueces en lugar de organizar esa audiencia previo al inicio del juicio, decidieron reemplazar el inicio del juicio con esta audiencia\u201d,\u00a0explic\u00f3 en declaraciones a este diario\u00a0Viviana Losada,\u00a0integrante de la Comisi\u00f3n de Familiares, sobrevivientes y amigos de detenidos desaparecidos de Vesubio y Puente 12. Ahora no saben cu\u00e1ndo efectivamente comenzar\u00e1 el debate. \u201cEstamos preocupados, porque este proceso se hace eterno\u201d, remarc\u00f3 Losada.<\/p>\n<p><strong>Lo que viene en marzo<\/strong><br \/>\nHay hasta el momento tres juicios con fecha de inicio agendada para marzo. El 7 el Tribunal Oral Federal n\u00famero 2 de C\u00f3rdoba comenzar\u00e1 a juzgar al genocida ya condenado\u00a0Ernesto \u201cNabo\u201d Barreiro\u00a0por el secuestro y las torturas a tres militantes sindicales y la muerte de uno de ellos. El 9 el Tribunal Oral Federal de Santa Fe comenzar\u00e1 a juzgar a\u00a0Julio Adelaido Ramos, personal civil de inteligencia del Destacamento de Inteligencia 122 del Ej\u00e9rcito, por el secuestro y las torturas aplicadas a Luis Felipe Sol\u00e9. Al d\u00eda siguiente, en La Rioja, el Tribunal Oral Federal local iniciar\u00e1 el debate contra el gendarme retirado\u00a0Eduardo Abelardo Britos\u00a0por el homicidio del laico\u00a0Wenceslao Pedernera\u00a0y su intervenci\u00f3n en el secuestro, las torturas y abusos sexuales contra otras 42 personas.<\/p>\n<h6>Fuente: P\u00e1gina 12<\/h6>\n","protected":false},"excerpt":{"rendered":"<p>Tras el cierre de la feria, s\u00f3lo ha comenzado un juicio y hay otros tres anunciados para marzo de pocos acusados. El mayor embudo sigue siendo la falta de tribunales orales. Nueva etapa de \u00abjuicios cortos\u00bb y la mirada de sobrevivientes y familiares.<\/p>\n","protected":false},"author":2,"featured_media":134134,"comment_status":"closed","ping_status":"closed","sticky":false,"template":"","format":"standard","meta":{"footnotes":""},"categories":[8],"tags":[21],"class_list":["post-134133","post","type-post","status-publish","format-standard","has-post-thumbnail","hentry","category-informe-nacional","tag-argentina"],"_links":{"self":[{"href":"http:\/\/argentinamunicipal.com.ar\/argentina\/wp-json\/wp\/v2\/posts\/134133","targetHints":{"allow":["GET"]}}],"collection":[{"href":"http:\/\/argentinamunicipal.com.ar\/argentina\/wp-json\/wp\/v2\/posts"}],"about":[{"href":"http:\/\/argentinamunicipal.com.ar\/argentina\/wp-json\/wp\/v2\/types\/post"}],"author":[{"embeddable":true,"href":"http:\/\/argentinamunicipal.com.ar\/argentina\/wp-json\/wp\/v2\/users\/2"}],"replies":[{"embeddable":true,"href":"http:\/\/argentinamunicipal.com.ar\/argentina\/wp-json\/wp\/v2\/comments?post=134133"}],"version-history":[{"count":0,"href":"http:\/\/argentinamunicipal.com.ar\/argentina\/wp-json\/wp\/v2\/posts\/134133\/revisions"}],"wp:featuredmedia":[{"embeddable":true,"href":"http:\/\/argentinamunicipal.com.ar\/argentina\/wp-json\/wp\/v2\/media\/134134"}],"wp:attachment":[{"href":"http:\/\/argentinamunicipal.com.ar\/argentina\/wp-json\/wp\/v2\/media?parent=134133"}],"wp:term":[{"taxonomy":"category","embeddable":true,"href":"http:\/\/argentinamunicipal.com.ar\/argentina\/wp-json\/wp\/v2\/categories?post=134133"},{"taxonomy":"post_tag","embeddable":true,"href":"http:\/\/argentinamunicipal.com.ar\/argentina\/wp-json\/wp\/v2\/tags?post=134133"}],"curies":[{"name":"wp","href":"https:\/\/api.w.org\/{rel}","templated":true}]}}