{"id":134148,"date":"2023-02-28T05:30:24","date_gmt":"2023-02-28T08:30:24","guid":{"rendered":"http:\/\/argentinamunicipal.com.ar\/argentina\/?p=134148"},"modified":"2023-02-27T20:17:10","modified_gmt":"2023-02-27T23:17:10","slug":"la-municipalidad-de-carlos-paz-denuncio-a-la-coopi-por-contaminacion-del-lago","status":"publish","type":"post","link":"http:\/\/argentinamunicipal.com.ar\/argentina\/la-municipalidad-de-carlos-paz-denuncio-a-la-coopi-por-contaminacion-del-lago\/","title":{"rendered":"La Municipalidad de Carlos Paz denunci\u00f3 a la Coopi por contaminaci\u00f3n del lago"},"content":{"rendered":"<p>\u201cNos est\u00e1n pudriendo el lago de manera reiterada y constante\u00bb, dijo el asesor letrado Dar\u00edo P\u00e9rez, que se present\u00f3 ante la Fiscal\u00eda N\u00b02 el viernes.<\/p>\n<p>La Municipalidad de Villa Carlos Paz denunci\u00f3 penalmente a la Cooperativa Integral por la contaminaci\u00f3n al lago San Roque, ante el supuesto \u00abirregular funcionamiento de la Planta de Tratamiento de L\u00edquidos Cloacales de Costa Azul\u00bb.<\/p>\n<p>Cabe recordar que, en enero de 2019, durante la intendencia de Esteban Avil\u00e9s, el Gobierno de la villa\u00a0present\u00f3 una denuncia penal de similares caracter\u00edsticas ante la Cooperativa Integral, \u00abpor haber arrojado m\u00e1s de 10 millones de litros de l\u00edquidos cloacales sin tratamiento al embalse\u00bb.<\/p>\n<p>Seg\u00fan se\u00f1alaron desde el municipio, dicho volcamiento \u00abfue constatado por los controles de Polic\u00eda Ambiental, autoridad competente en el control de la Planta de L\u00edquidos Cloacales\u00bb. Adem\u00e1s,\u00a0 ampli\u00f3 esa presentaci\u00f3n en el a\u00f1o 2021 por \u00abvolcamientos reiterados en la zona conocida como la Bah\u00eda del Gitano\u00bb.<\/p>\n<p>\u201cAnte trascendidos de empleados de la Planta de L\u00edquidos Cloacales, los profesionales del \u00e1rea de ambiente de la Secretar\u00eda de Desarrollo Urbano Ambiental realizaron los estudios correspondientes, que constataron el manejo irregular y deficiente del tratamiento de l\u00edquidos cloacales, por lo que,\u00a0el \u00faltimo viernes presentamos la denuncia penal en la Fiscal\u00eda N\u00b0 2\u201d, coment\u00f3 el asesor letrado municipal, Dar\u00edo P\u00e9rez, en conferencia de prensa este lunes por la ma\u00f1ana.<\/p>\n<p>\u201cNos est\u00e1n pudriendo el lago de manera reiterada y constante.\u00a0Los carlospacenses estamos trabajando seriamente en el cuidado del lago, gestionando obras de cloacas en toda la cuenca, invirtiendo miles de millones de pesos en obras de cloacas en la ciudad y\u00a0nos damos con que, una vez m\u00e1s, la Coopi est\u00e1 arrojando l\u00edquidos cloacales al lago\u00bb, asever\u00f3 P\u00e9rez.<\/p>\n<p>\u00abEs una situaci\u00f3n grav\u00edsima porque los que hoy est\u00e1n contaminando el lago son los mismos que, cobr\u00e1ndolas, no hicieron las obras de cloacas, los mismos que est\u00e1n cobrando el doble de tarifa de cloacas con la capitalizaci\u00f3n y nunca realizaron una inversi\u00f3n; los mismos que se reh\u00fasan a entregar el servicio de cloacas, crey\u00e9ndose due\u00f1os del servicio de la misma manera que lo hicieron con el agua. Todo ello mientras que sus candidatos pol\u00edticos y los sectores que son c\u00f3mplices plantean discursos ambientalistas y contin\u00faan avalando el accionar de la Cooperativa Integral\u201d, afirm\u00f3 en el mismo contexto\u00a0el intendente Daniel G\u00f3mez Gesteira.<\/p>\n<h6>Fuente: La Nueva Ma\u00f1ana<\/h6>\n","protected":false},"excerpt":{"rendered":"<p>\u201cNos est\u00e1n pudriendo el lago de manera reiterada y constante\u00bb, dijo el asesor letrado Dar\u00edo P\u00e9rez, que se present\u00f3 ante la Fiscal\u00eda N\u00b02 el viernes.<\/p>\n","protected":false},"author":2,"featured_media":134149,"comment_status":"closed","ping_status":"closed","sticky":false,"template":"","format":"standard","meta":{"footnotes":""},"categories":[2],"tags":[3],"class_list":["post-134148","post","type-post","status-publish","format-standard","has-post-thumbnail","hentry","category-informe-municipal","tag-cordoba"],"_links":{"self":[{"href":"http:\/\/argentinamunicipal.com.ar\/argentina\/wp-json\/wp\/v2\/posts\/134148","targetHints":{"allow":["GET"]}}],"collection":[{"href":"http:\/\/argentinamunicipal.com.ar\/argentina\/wp-json\/wp\/v2\/posts"}],"about":[{"href":"http:\/\/argentinamunicipal.com.ar\/argentina\/wp-json\/wp\/v2\/types\/post"}],"author":[{"embeddable":true,"href":"http:\/\/argentinamunicipal.com.ar\/argentina\/wp-json\/wp\/v2\/users\/2"}],"replies":[{"embeddable":true,"href":"http:\/\/argentinamunicipal.com.ar\/argentina\/wp-json\/wp\/v2\/comments?post=134148"}],"version-history":[{"count":0,"href":"http:\/\/argentinamunicipal.com.ar\/argentina\/wp-json\/wp\/v2\/posts\/134148\/revisions"}],"wp:featuredmedia":[{"embeddable":true,"href":"http:\/\/argentinamunicipal.com.ar\/argentina\/wp-json\/wp\/v2\/media\/134149"}],"wp:attachment":[{"href":"http:\/\/argentinamunicipal.com.ar\/argentina\/wp-json\/wp\/v2\/media?parent=134148"}],"wp:term":[{"taxonomy":"category","embeddable":true,"href":"http:\/\/argentinamunicipal.com.ar\/argentina\/wp-json\/wp\/v2\/categories?post=134148"},{"taxonomy":"post_tag","embeddable":true,"href":"http:\/\/argentinamunicipal.com.ar\/argentina\/wp-json\/wp\/v2\/tags?post=134148"}],"curies":[{"name":"wp","href":"https:\/\/api.w.org\/{rel}","templated":true}]}}