{"id":134182,"date":"2023-03-01T05:25:37","date_gmt":"2023-03-01T08:25:37","guid":{"rendered":"http:\/\/argentinamunicipal.com.ar\/argentina\/?p=134182"},"modified":"2023-02-28T19:27:48","modified_gmt":"2023-02-28T22:27:48","slug":"por-otro-nunca-mas-y-con-canal","status":"publish","type":"post","link":"http:\/\/argentinamunicipal.com.ar\/argentina\/por-otro-nunca-mas-y-con-canal\/","title":{"rendered":"Por otro Nunca M\u00e1s y con Canal"},"content":{"rendered":"<p>El panorama pol\u00edtico sigue mostrando el absurdo de que no se propone nada nuevo ni mejor, y hay m\u00e1s especulaciones y sarasa period\u00edstica que seriedad propositiva, como toda sociedad necesita en v\u00edsperas electorales.<\/p>\n<p>Los candidatos que primerearon parecen dispersos y algunos irritantes como sarpullido. Los de la derecha, previsibles: mentiras y tele, amenazas, cero ideas. Y los gubernamentales, todos parecidos: presidente, ministros, embajador, con m\u00e1s silencio propositivo que expresi\u00f3n de ideas, y adem\u00e1s harto dif\u00edciles de creer.<\/p>\n<p>Tambi\u00e9n empieza a moverse saludablemente un joven dirigente, medi\u00e1tico y con cierto carisma. Pero la caballada est\u00e1 flaca, como se dijo aqu\u00ed, y no se ve modo de engordarla. Sobre todo porque sin Ella &#8211;\u00fanica garante con caudal&#8211; todo parece pobre y m\u00e1s de lo mismo. Y he ah\u00ed los d\u00e9biles operativos para convencerla, neutralizados por algunos que tiran la pelota para finales de marzo, lo que equivale a pocas perspectivas de convencer a la \u00faltima l\u00edder genuina de este pa\u00eds.<\/p>\n<p>Acosada por el feroz bestiario judicial que nadie, ni el gobierno mismo, se atreve a poner coto m\u00e1s all\u00e1 de lo declarativo y period\u00edstico,\u00a0la Dama se mantiene digna, serena, austera.\u00a0Conducta ejemplar, sin dudas, pero que aqu\u00ed y ahora representa una debilitada esperanza para un pueblo harto y exhausto, y desconfiado como el piojo de Gustavo Rold\u00e1n que recelaba de toda la fauna del monte y bien que hac\u00eda.<\/p>\n<p>En ese contexto, el grit\u00f3n despeinado crece, aunque s\u00f3lo en las encuestas fachas. Y la exministra tambi\u00e9n, en miserable debate con el intendente y el capomafia, hoy basuras residuales de un pueblo confundido cuya mitad &#8211;pareciera&#8211; los podr\u00eda votar como quien se dispara balazos en los pies.<\/p>\n<p>Por ello ser\u00eda bueno que se lancen otros u otras a la lid, en procura de terciar, de abrir perspectivas realmente superadoras.\u00a0Muchos m\u00e1s podr\u00edan proponerse, e incluso este columnista que al menos fue el primero, y hasta ahora el \u00fanico, que propuso ideas e hizo diagn\u00f3sticos y an\u00e1lisis, y los organiz\u00f3 en forma de propuesta pol\u00edtica al servicio de la Rep\u00fablica y de la paz social. Y que no tiene nada que ocultar, carece de prontuario, no ha manejado jam\u00e1s dineros p\u00fablicos y siempre ha aportado ideas, pero nunca sarasa.\u00a0As\u00ed hay incontables y mucho mejores personas que merecer\u00edan ser evaluadas en esta naci\u00f3n hoy alterada y confundida, enga\u00f1ada y mentida, y tan necesitada de paz y trabajo.\u00a0Esas candidaturas s\u00f3lo encarnar\u00edan esperanza y patriotismo para movilizar a un pueblo tan excepcional en trabajo y lucha como en aguante y paciencia.<\/p>\n<p>Y si de ideas se trata, y sostenidas en ideales firmes, consecuentes y nunca traicionados,\u00a0la mayor cantidad de postulaciones enriquecer\u00eda la experiencia pol\u00edtica y cultural argentina.\u00a0Gente que jam\u00e1s pis\u00f3 los tribunales, por caso. Gente cuya representaci\u00f3n de la Patria ha sido siempre, en todo el mundo, bien valorada, serena, optimista y amorosa.\u00a0Hay mucha ciudadan\u00eda argentina en tales condiciones. Gente que podr\u00eda sanear una vida pol\u00edtica hoy saturada y falseada por multimedios mentirosos y canallas.<\/p>\n<p>Cierto que no faltar\u00e1n quienes, cancheros y tambi\u00e9n necios e ignorantes, opinar\u00e1n que esta nota est\u00e1 sobrada de pretensiones imposibles. Y puede ser, pero\u00a0tambi\u00e9n es seguro que sobran personas de bien, honestas y derechas. Y para las cuales, si a la Patria sirviese, su honor se dispusiera.<\/p>\n<p>Dicho todo lo cual esta columna retoma su misi\u00f3n informativa respecto del r\u00edo Paran\u00e1 y ahora en forma urgente ya que seg\u00fan el portal\u00a0Globalports.com.ar, vocero semioficial del Ministerio de Transportes, esta semana el ministro Diego Giuliano declar\u00f3 que \u00abvamos a extender la v\u00eda navegable troncal hasta Misiones\u00bb, lo que fue duramente descalificado por expertos que recordaron que \u00abel Alto Paran\u00e1 es binacional, lo cual parecer\u00eda que en el ministerio ignoran\u00bb.<\/p>\n<p>Dos veteranos capitanes fluviales explicaron su extra\u00f1eza porque, siendo abogado,\u00a0el ministro \u00abparece que no sabe que en los r\u00edos binacionales ning\u00fan pa\u00eds define nada unilateralmente\u00bb. Por eso el Alto Paran\u00e1 fue siempre navegable: hace miles de a\u00f1os por los pueblos originarios; hace cinco siglos por los jesuitas. Y para garantizarlo se hizo la esclusa en la represa de Yaciret\u00e1.<\/p>\n<p>Claro que las barcazas que all\u00ed navegan son\u00a0todas\u00a0paraguayas y el destino de lo transportado es\u00a0siempre Montevideo. Lo que es as\u00ed desde que hace 35 a\u00f1os\u00a0Menem y Cavallo destruyeron la flota fluvial argentina entregando as\u00ed la soberan\u00eda del r\u00edo Paran\u00e1.<\/p>\n<p>Claro que hoy lo m\u00e1s irritante para los veteranos es la\u00a0absurda pol\u00edtica de anunciar imposibles para no hacer lo que s\u00ed es posible y adem\u00e1s necesario.\u00a0Por eso no se toman decisiones y en cambio el ministro habla de un r\u00edo que es binacional. De donde\u00a0en realidad lo que hace es no hablar del Canal Magdalena, que ya est\u00e1 aprobado y es enteramente nuestro.\u00a0Como tampoco\u00a0habla del Paran\u00e1 Guaz\u00fa, que s\u00ed es totalmente argentino pero\u00a0est\u00e1 bloqueado por la Bolsa de Cereales de Rosario para que nada salga por ah\u00ed y en cambio todo el comercio se dirija al Uruguay y por los canales que la Bolsa controla.<\/p>\n<p>Es obvio que nadie puede saber a cabalidad si es que son burros o maestros en la estrategia perversa de\u00a0confundir al pueblo anunciando lo imposible para no hacer lo posible y urgente. Pero es as\u00ed como\u00a0el pueblo es sumido en la ignorancia, la confusi\u00f3n, el desamparo y la bronca las 24 horas del d\u00eda.<\/p>\n<p>Y mientras se suceden \u00abnoticias\u00bb distractivas,\u00a0se oculta la verdad:\u00a0el Canal Magdalena est\u00e1 listo para licitarse y empezar la obra.<\/p>\n<p>Y es por eso &#8211;dice otro experto naval&#8211; que \u00abfastidia y repugna que el Ministerio y la AGP\u00a0sigan haciendo todo lo posible para demorarlo\u00bb.\u00a0Ya resulta obvio que\u00a0se ha decidido no avanzar y s\u00f3lo hacer declaraciones laterales mientras se mantiene congelado el Canal Magdalena. De donde resulta desdoroso\u00a0el rol del ingeniero Hern\u00e1n Orduna, que a este paso quedar\u00e1 como responsable de la frustraci\u00f3n del Canal, lo que podr\u00eda ser injusto porque, dicen algunos, \u00abes el \u00fanico que empuja la obra y en soledad. Se sabe que ya le entreg\u00f3 al subsecretario de puertos todo el material necesario para licitar ma\u00f1ana mismo, si quisieran\u00bb. Pero la cuesti\u00f3n de fondo ser\u00eda que\u00a0en el gobierno nacional no se quiere hacer esta obra, decisiva para nacionalizar el comercio exterior de la Argentina, hoy en manos extranjeras.<\/p>\n<p>Lo cierto es que\u00a0el Canal Magdalena ya est\u00e1 proyectado y aprobado en el marco del Tratado del R\u00edo de la Plata. Por eso cuando se supo en las \u00faltimas semanas que el interventor de la AGP, Jos\u00e9 Beni, resalt\u00f3\u00a0la importancia de\u00a0un nuevo relevamiento \u00abpara tener datos m\u00e1s precisos y claros respecto de la profundidad, tipo de suelo y solera para proyectar la obra\u201d, esas palabras fueron repudiadas por expertos: \u00abTen\u00edamos raz\u00f3n: era nom\u00e1s una trampa\u00bb.<\/p>\n<p>Es dif\u00edcil entender a un presidente que viaja a la Ant\u00e1rtida a declamar soberan\u00eda virtual cuando al mismo tiempo entrega la soberan\u00eda del Paran\u00e1 mediante un decreto (el 949\/20) que\u00a0clausura la salida fluvial al Atl\u00e1ntico, obligando a navegar hacia el Norte cuando tenemos 5.000 kil\u00f3metros de costas y la Ant\u00e1rtida en el Sur.<\/p>\n<p>\u00bfQu\u00e9 compatriota decente y\u00a0llen@\u00a0de amor a la Argentina no querr\u00eda tener la oportunidad de enderezar el presente y abrir de una vez las puertas a lo que casi 50 millones de compatriotas han so\u00f1ado y sue\u00f1an: un pa\u00eds de paz y democracia, de justicia y honra, de respeto y amor a nuestra tierra, nuestro subsuelo y nuestro cielo?<\/p>\n<p>Por Mempo Giardinelli<\/p>\n<h6>Fuente: P\u00e1gina 12<\/h6>\n","protected":false},"excerpt":{"rendered":"<p>El panorama pol\u00edtico sigue mostrando el absurdo de que no se propone nada nuevo ni mejor, y hay m\u00e1s especulaciones y sarasa period\u00edstica que seriedad propositiva, como toda sociedad necesita en v\u00edsperas electorales.<\/p>\n","protected":false},"author":2,"featured_media":134183,"comment_status":"closed","ping_status":"closed","sticky":false,"template":"","format":"standard","meta":{"footnotes":""},"categories":[6],"tags":[21],"class_list":["post-134182","post","type-post","status-publish","format-standard","has-post-thumbnail","hentry","category-opiniones","tag-argentina"],"_links":{"self":[{"href":"http:\/\/argentinamunicipal.com.ar\/argentina\/wp-json\/wp\/v2\/posts\/134182","targetHints":{"allow":["GET"]}}],"collection":[{"href":"http:\/\/argentinamunicipal.com.ar\/argentina\/wp-json\/wp\/v2\/posts"}],"about":[{"href":"http:\/\/argentinamunicipal.com.ar\/argentina\/wp-json\/wp\/v2\/types\/post"}],"author":[{"embeddable":true,"href":"http:\/\/argentinamunicipal.com.ar\/argentina\/wp-json\/wp\/v2\/users\/2"}],"replies":[{"embeddable":true,"href":"http:\/\/argentinamunicipal.com.ar\/argentina\/wp-json\/wp\/v2\/comments?post=134182"}],"version-history":[{"count":0,"href":"http:\/\/argentinamunicipal.com.ar\/argentina\/wp-json\/wp\/v2\/posts\/134182\/revisions"}],"wp:featuredmedia":[{"embeddable":true,"href":"http:\/\/argentinamunicipal.com.ar\/argentina\/wp-json\/wp\/v2\/media\/134183"}],"wp:attachment":[{"href":"http:\/\/argentinamunicipal.com.ar\/argentina\/wp-json\/wp\/v2\/media?parent=134182"}],"wp:term":[{"taxonomy":"category","embeddable":true,"href":"http:\/\/argentinamunicipal.com.ar\/argentina\/wp-json\/wp\/v2\/categories?post=134182"},{"taxonomy":"post_tag","embeddable":true,"href":"http:\/\/argentinamunicipal.com.ar\/argentina\/wp-json\/wp\/v2\/tags?post=134182"}],"curies":[{"name":"wp","href":"https:\/\/api.w.org\/{rel}","templated":true}]}}