{"id":13419,"date":"2014-08-14T10:11:57","date_gmt":"2014-08-14T13:11:57","guid":{"rendered":"http:\/\/argentinamunicipal.com.ar\/argentina\/?p=13419"},"modified":"2014-08-14T10:11:57","modified_gmt":"2014-08-14T13:11:57","slug":"el-papa-francisco-convoco-a-las-dos-coreas-a-buscar-paz-y-reconciliacion","status":"publish","type":"post","link":"http:\/\/argentinamunicipal.com.ar\/argentina\/el-papa-francisco-convoco-a-las-dos-coreas-a-buscar-paz-y-reconciliacion\/","title":{"rendered":"El papa Francisco convoc\u00f3 a las dos Coreas a buscar paz y reconciliaci\u00f3n"},"content":{"rendered":"<p><a href=\"http:\/\/argentinamunicipal.com.ar\/argentina\/wp-content\/uploads\/2014\/08\/pope_x13x.jpg_2069580699.jpg\"><img loading=\"lazy\" decoding=\"async\" class=\"aligncenter size-full wp-image-13420\" src=\"http:\/\/argentinamunicipal.com.ar\/argentina\/wp-content\/uploads\/2014\/08\/pope_x13x.jpg_2069580699.jpg\" alt=\"pope_x13x.jpg_2069580699\" width=\"761\" height=\"507\" srcset=\"http:\/\/argentinamunicipal.com.ar\/argentina\/wp-content\/uploads\/2014\/08\/pope_x13x.jpg_2069580699.jpg 761w, http:\/\/argentinamunicipal.com.ar\/argentina\/wp-content\/uploads\/2014\/08\/pope_x13x.jpg_2069580699-300x199.jpg 300w\" sizes=\"auto, (max-width: 761px) 100vw, 761px\" \/><\/a><br \/>\nEl pont\u00edfice dijo que ambos pa\u00edses deben \u00abbuscar la paz\u00bb y \u00abderribar los muros de la desconfianza\u00bb. Fue durante una ceremonia en el palacio presidencial de Se\u00fal, donde lleg\u00f3 para una visita de cinco d\u00ed\u00adas a la naci\u00f3n del Sur.<\/p>\n<p>\u00abLa b\u00fasqueda de la paz por parte de Corea es una causa que nos preocupa especialmente, porque afecta a la estabilidad de toda la regi\u00f3n y de todo el mundo, cansado de guerras\u00bb, asegur\u00f3 Francisco en lo que fueron sus primeras palabras, pronunciadas en ingl\u00e9s, en territorio surcoreano, citado por EFE.<\/p>\n<p>El pont\u00ed\u00adfice se reuni\u00f3 tras su llegada con la presidenta surcoreana Park Geun-hye y record\u00f3 que la Pen\u00ed\u00adnsula de Corea \u00abes una tierra que sufri\u00f3 durante mucho tiempo la ausencia de paz\u00bb e hizo un llamamiento a \u00abderribar los muros de la desconfianza y del odio promoviendo una cultura de la reconciliaci\u00f3n y de solidaridad\u00bb.<\/p>\n<h6>Fuente: Uno, Entre R\u00edos<\/h6>\n","protected":false},"excerpt":{"rendered":"<p>El pont\u00edfice dijo que ambos pa\u00edses deben \u00abbuscar la paz\u00bb y \u00abderribar los muros de la desconfianza\u00bb. Fue durante una ceremonia en el palacio presidencial de Se\u00fal, donde lleg\u00f3 para una visita de cinco d\u00ed\u00adas a la naci\u00f3n del Sur. \u00abLa b\u00fasqueda de la paz por parte de Corea es una causa que nos preocupa<\/p>\n","protected":false},"author":2,"featured_media":13420,"comment_status":"closed","ping_status":"closed","sticky":false,"template":"","format":"standard","meta":{"footnotes":""},"categories":[22],"tags":[57],"class_list":["post-13419","post","type-post","status-publish","format-standard","has-post-thumbnail","hentry","category-el-mundo","tag-el-mundo"],"_links":{"self":[{"href":"http:\/\/argentinamunicipal.com.ar\/argentina\/wp-json\/wp\/v2\/posts\/13419","targetHints":{"allow":["GET"]}}],"collection":[{"href":"http:\/\/argentinamunicipal.com.ar\/argentina\/wp-json\/wp\/v2\/posts"}],"about":[{"href":"http:\/\/argentinamunicipal.com.ar\/argentina\/wp-json\/wp\/v2\/types\/post"}],"author":[{"embeddable":true,"href":"http:\/\/argentinamunicipal.com.ar\/argentina\/wp-json\/wp\/v2\/users\/2"}],"replies":[{"embeddable":true,"href":"http:\/\/argentinamunicipal.com.ar\/argentina\/wp-json\/wp\/v2\/comments?post=13419"}],"version-history":[{"count":0,"href":"http:\/\/argentinamunicipal.com.ar\/argentina\/wp-json\/wp\/v2\/posts\/13419\/revisions"}],"wp:featuredmedia":[{"embeddable":true,"href":"http:\/\/argentinamunicipal.com.ar\/argentina\/wp-json\/wp\/v2\/media\/13420"}],"wp:attachment":[{"href":"http:\/\/argentinamunicipal.com.ar\/argentina\/wp-json\/wp\/v2\/media?parent=13419"}],"wp:term":[{"taxonomy":"category","embeddable":true,"href":"http:\/\/argentinamunicipal.com.ar\/argentina\/wp-json\/wp\/v2\/categories?post=13419"},{"taxonomy":"post_tag","embeddable":true,"href":"http:\/\/argentinamunicipal.com.ar\/argentina\/wp-json\/wp\/v2\/tags?post=13419"}],"curies":[{"name":"wp","href":"https:\/\/api.w.org\/{rel}","templated":true}]}}