{"id":134191,"date":"2023-03-01T05:00:51","date_gmt":"2023-03-01T08:00:51","guid":{"rendered":"http:\/\/argentinamunicipal.com.ar\/argentina\/?p=134191"},"modified":"2023-02-28T19:42:23","modified_gmt":"2023-02-28T22:42:23","slug":"diputados-aprobo-la-ley-de-moratoria-previsional","status":"publish","type":"post","link":"http:\/\/argentinamunicipal.com.ar\/argentina\/diputados-aprobo-la-ley-de-moratoria-previsional\/","title":{"rendered":"Diputados convirti\u00f3 en ley la moratoria previsional: m\u00e1s de 800 mil personas podr\u00e1n jubilarse"},"content":{"rendered":"<p>Con 134 votos afirmativos y 107 negativos, el oficialismo logr\u00f3 la sanci\u00f3n. Se trata de personas que tienen la edad para contar con ese beneficio, pero no poseen los 30 a\u00f1os de aporte.<\/p>\n<p>La C\u00e1mara de Diputados convirti\u00f3 este martes en ley, con el voto de los diputados del oficialismo y agrupaciones opositoras, el proyecto de moratoria previsional que tiene como objetivo que unas 800 mil personas puedan acceder a la jubilaci\u00f3n, ya que tienen la edad para contar con ese beneficio, pero no poseen los 30 a\u00f1os de aporte.<br \/>\nEn la \u00faltima jornada del per\u00edodo de sesiones extraordinarias del Congreso nacional, la iniciativa cosech\u00f3 134 votos que fueron aportados por el Frente de Todos (FdT), el Interbloque Federal, Provincias Unidas, y la izquierda; mientras que el rechazo al proyecto reuni\u00f3 107 sufragios de Juntos por el Cambio (JxC), y las dos agrupaciones de derecha: La Libertad Avanza, que conduce Javier Milei, y Avanza la Libertad, del liberal Jos\u00e9 Luis Espert.<\/p>\n<p>La sesi\u00f3n, conducida por la presidenta del cuerpo Cecilia Moreau, cont\u00f3 con la presencia en los palcos de invitados de la directora del Anses, Fernanda Raverta; de organizaciones de jubilados y jubiladas, de la CGT, y de sindicatos vinculados al sistema previsional.<\/p>\n<p>Tras la votaci\u00f3n, los afiliados de los gremios que estaban en los palcos y los diputados del FdT festejaron la sanci\u00f3n y se pusieron a cantar la marcha peronista, ante la queja de los legisladores de JxC.<\/p>\n<p>El proyecto, cuya autor\u00eda corresponde a la senadora mendocina Anabel Fern\u00e1ndez Sagasti, establece que el plan de beneficios se conformar\u00e1 de una Unidad de Pago y de una Unidad de Cancelaci\u00f3n de Aportes para trabajadores en actividad.<\/p>\n<p>En el art\u00edculo 3 se estableci\u00f3 que los per\u00edodos a incluir en el plan comprender\u00e1n lapsos que sean anteriores a diciembre de 2008, inclusive para quienes adhieran a la Unidad de Pago, y anteriores al 31 de marzo de 2012 para la cancelaci\u00f3n de aportes. En el caso de la Unidad de Pago, regir\u00e1 por el t\u00e9rmino de dos a\u00f1os contados a partir de la entrada en vigencia de la ley.<\/p>\n<p>La sesi\u00f3n se realiz\u00f3 un d\u00eda antes de la Asamblea Legislativa que ser\u00e1 encabezada por el presidente Alberto Fern\u00e1ndez y dejar\u00e1 inaugurado el 141\u00b0 per\u00edodo de sesiones ordinarias.<\/p>\n<p>Tras la sanci\u00f3n de la moratoria previsional, el plenario legislativo comenz\u00f3 a debatir el dictamen que busca establecer de manera obligatoria que los pacientes tengan acceso libre a su historia cl\u00ednica mediante un sistema digitalizado en todo el pa\u00eds.<\/p>\n<p>\u00abEn el cierre del debate del proyecto de moratoria previsional, el diputado y l\u00edder de la C\u00e1mpora, M\u00e1ximo Kirchner, indic\u00f3 que la ley est\u00e1 dirigida a \u201c800 mil argentinos y argentinas que van a poder pelear mejor el d\u00eda a d\u00eda\u201d y asegur\u00f3 que \u201cning\u00fan jubilado genera d\u00e9ficit fiscal, sino que son personas en las que el Estado invierte\u201d.<br \/>\nEn referencia a la acusaci\u00f3n de parte de la oposici\u00f3n de que se trataba de un proyecto de tinte electoral, expres\u00f3: \u201cEntendemos que en esas 800.000 personas que se pueden jubilar, obviamente hay personas que eligen votar diferentes opciones pol\u00edticas. Ser\u00eda tonto pensar que van a votar al FdT por esta ley, seria subestimar a la gente\u201d.<\/p>\n<p>Por su parte, el presidente del bloque del FDT, Germ\u00e1n Martinez, dijo que \u00abel camino del Plan de Pago Previsional es un camino que todav\u00eda ofrece alternativas, este proyecto es un paso modesto pero muy importante para seguir avanzando\u00bb.<\/p>\n<p><strong>El debate<\/strong><br \/>\nEl debate sobre el proyecto de moratoria previsional fue abierto por el presidente de la comisi\u00f3n de Presupuesto, Carlos Heller, quien destac\u00f3 que \u00abdel total de jubilados que hay en la Argentina, 65% lo hicieron con una moratoria y gracias a eso hoy el 95% en condiciones de hacerlo est\u00e1n jubilados\u00bb.<\/p>\n<p>\u00abEn la Argentina hay un grav\u00edsimo problema de informalidad laboral, con lo cual pretender decir que algunos no quisieron aportar es una barbaridad y m\u00e1s cuando se ve que la mayor\u00eda son mujeres que han trabajado en casas particulares y por eso no hay raz\u00f3n para que la sociedad no se haga cargo de esta situaci\u00f3n\u00bb, asever\u00f3.<\/p>\n<p>Por su parte, la presidenta de la comisi\u00f3n de Previsi\u00f3n Social, Marisa Uceda (FdT), dijo que el proyecto tiene \u00abun esp\u00edritu solidario\u00bb ya que el hecho de que \u00ab9 de cada 10 mujeres no puedan acceder al sistema jubilatorio es un problema que debe resolver el Estado, porque hemos sido tambi\u00e9n responsables de esa crisis del sistema\u00bb.<\/p>\n<p>La obligaci\u00f3n de la dirigencia pol\u00edtica es \u00abdar una soluci\u00f3n y eso es lo que hicieron los senadores Anabel Fern\u00e1ndez Sagasti y Mariano Recalde cuando presentaron el proyecto que se trabaj\u00f3 intensamente con la directora de Anses, Fernanda Raverta, que est\u00e1 en el recinto y se puso al hombro la militancia de este proyecto\u00bb, a\u00f1adi\u00f3.<\/p>\n<p>Desde la oposici\u00f3n, el autor del dictamen de minor\u00eda, Alejandro Cacace, se\u00f1al\u00f3 que \u00abno puede obtener lo mismo el que tiene todos los requisitos que quien no los tiene\u00bb, y explic\u00f3 su propuesta de que la jubilaci\u00f3n se calcule en base a los aportes que tiene cada ciudadano.<\/p>\n<p>En tanto, la exgobernadora Mar\u00eda Eugenia Vidal afirm\u00f3 que \u00abdif\u00edcilmente cuidemos a nuestros jubilados si los seguimos endeudando a costa de ellos\u00bb. Por su parte, el presidente del Interbloque Federal, Alejandro \u00abTopo\u00bb Rodr\u00edguez, indic\u00f3 que \u00abplanteamos un acompa\u00f1amiento a este plan de pagos y tambi\u00e9n exigimos pol\u00edticas eficaces para que crezca el trabajo de calidad, con descuento jubilatorio\u201d.<\/p>\n<p>A su vez, el diputado de Juntos por Rio Negro, Agust\u00edn Domingo, dijo que \u00abhay que eliminar el requisito de tener que acreditar los 30 a\u00f1os de aportes, porque hay trabajadores que tienen 10 o 15 a\u00f1os de aporte, que les corresponder\u00eda cobrar de jubilaci\u00f3n un beneficio mayor que la m\u00ednima\u00bb.<\/p>\n<p>A su vez, la legisladora del FIT-U Romina del Pl\u00e1 afirm\u00f3 que \u00abesta moratoria solo resuelve una parte del problema, por eso vamos a seguir luchando por el derecho a la jubilaci\u00f3n universal, por la jubilaci\u00f3n del 82 por ciento, y por un verdadero futuro para los trabajadores y trabajadoras\u00bb.<\/p>\n<p>Desde la derecha, el diputado de la Libertad Avanza, Javier Milei, dijo que \u00abArgentina es un deudor quebrado, para poder pagar la deuda se necesita tener un super\u00e1vit primario fiscal positivo y ac\u00e1 seguimos con uno negativo\u00bb.<\/p>\n<p><strong>Ajustado qu\u00f3rum<\/strong><br \/>\nLa sesi\u00f3n especial se inici\u00f3 cerca de las 11, con la presencia de 129 diputados -el n\u00famero exacto para el qu\u00f3rum reglamentario- entre los cuales 117 pertenecen al Frente de Todos (FdT), cuatro al Frente de Izquierda, misma cantidad al Interbloque Provincias Unidas y otros cuatro al interbloque Federal (dos de Identidad Bonaerense, Graciela Cama\u00f1o y Alejando &#8216;Topo&#8217; Rodr\u00edguez, y dos socialistas, M\u00f3nica Fein y Enrique Est\u00e9vez). En tanto, la bancada de Juntos por el Cambio (JxC) baj\u00f3 al recinto una vez que el oficialismo reuni\u00f3 el qu\u00f3rum.<\/p>\n<p>La sesi\u00f3n se inici\u00f3 con la jura como diputado nacional del PRO de Gabriel Mraida, actual presidente del Instituto de la Vivienda porte\u00f1o, que asumi\u00f3 en reemplazo de Waldo Wolff, designado secretario de Asuntos P\u00fablicos del Gobierno de la ciudad de Buenos Aires en diciembre pasado.<\/p>\n<p>En el inicio de la sesi\u00f3n se presentaron 12 cuestiones de privilegio, se hicieron tres homenajes y se trataron tres apartamientos de reglamento, y se produjo una pol\u00e9mica cuando se quiso desalojar de los palcos al sindicalista Carlos Ortega, que representa al Sindicato de los Trabajadores y Trabajadoras de la Administraci\u00f3n Nacional de la Seguridad Social (Secasfpi), que dise\u00f1\u00f3 los carteles contra los legisladores opositores que no hab\u00edan dado qu\u00f3rum en las sesiones de diciembre.<\/p>\n<p>Tambi\u00e9n hubo una pol\u00e9mica entre el oficialismo y la oposici\u00f3n sobre el juicio pol\u00edtico a la Corte Suprema, cuando el FdT rechaz\u00f3 las acusaciones de Juntos por el Cambio acerca del desarrollo de la investigaci\u00f3n sobre la conducta de los cuatro jueces del alto tribunal.<\/p>\n<h6>Fuente: El Litoral<\/h6>\n","protected":false},"excerpt":{"rendered":"<p>Con 134 votos afirmativos y 107 negativos, el oficialismo logr\u00f3 la sanci\u00f3n. Se trata de personas que tienen la edad para contar con ese beneficio, pero no poseen los 30 a\u00f1os de aporte.<\/p>\n","protected":false},"author":2,"featured_media":134192,"comment_status":"closed","ping_status":"closed","sticky":false,"template":"","format":"standard","meta":{"footnotes":""},"categories":[8],"tags":[21],"class_list":["post-134191","post","type-post","status-publish","format-standard","has-post-thumbnail","hentry","category-informe-nacional","tag-argentina"],"_links":{"self":[{"href":"http:\/\/argentinamunicipal.com.ar\/argentina\/wp-json\/wp\/v2\/posts\/134191","targetHints":{"allow":["GET"]}}],"collection":[{"href":"http:\/\/argentinamunicipal.com.ar\/argentina\/wp-json\/wp\/v2\/posts"}],"about":[{"href":"http:\/\/argentinamunicipal.com.ar\/argentina\/wp-json\/wp\/v2\/types\/post"}],"author":[{"embeddable":true,"href":"http:\/\/argentinamunicipal.com.ar\/argentina\/wp-json\/wp\/v2\/users\/2"}],"replies":[{"embeddable":true,"href":"http:\/\/argentinamunicipal.com.ar\/argentina\/wp-json\/wp\/v2\/comments?post=134191"}],"version-history":[{"count":0,"href":"http:\/\/argentinamunicipal.com.ar\/argentina\/wp-json\/wp\/v2\/posts\/134191\/revisions"}],"wp:featuredmedia":[{"embeddable":true,"href":"http:\/\/argentinamunicipal.com.ar\/argentina\/wp-json\/wp\/v2\/media\/134192"}],"wp:attachment":[{"href":"http:\/\/argentinamunicipal.com.ar\/argentina\/wp-json\/wp\/v2\/media?parent=134191"}],"wp:term":[{"taxonomy":"category","embeddable":true,"href":"http:\/\/argentinamunicipal.com.ar\/argentina\/wp-json\/wp\/v2\/categories?post=134191"},{"taxonomy":"post_tag","embeddable":true,"href":"http:\/\/argentinamunicipal.com.ar\/argentina\/wp-json\/wp\/v2\/tags?post=134191"}],"curies":[{"name":"wp","href":"https:\/\/api.w.org\/{rel}","templated":true}]}}