{"id":134200,"date":"2023-03-01T05:50:12","date_gmt":"2023-03-01T08:50:12","guid":{"rendered":"http:\/\/argentinamunicipal.com.ar\/argentina\/?p=134200"},"modified":"2023-02-28T19:54:09","modified_gmt":"2023-02-28T22:54:09","slug":"quienes-duermen-en-las-calles-en-rosario-son-cada-vez-mas-jovenes","status":"publish","type":"post","link":"http:\/\/argentinamunicipal.com.ar\/argentina\/quienes-duermen-en-las-calles-en-rosario-son-cada-vez-mas-jovenes\/","title":{"rendered":"Quienes duermen en las calles en Rosario son cada vez mas j\u00f3venes"},"content":{"rendered":"<p>El municipio reforz\u00f3 este verano los dispositivos previstos de mayo a septiembre para esta poblaci\u00f3n. Estiman que son 500 personas, y cada vez m\u00e1s j\u00f3venes, quienes fluct\u00faan sobre todo en el macrocentro<\/p>\n<p>En los \u00faltimos d\u00edas son reiteradas las publicaciones en redes sociales por parte de vecinos que advierten sobre personas o grupos instalados durante d\u00edas y noches en veredas y umbrales, sobre todo en la zona centro. Los usuarios \u201cdenunciantes\u201d dan direcciones espec\u00edficas y reclaman a las autoridades que se ocupen ante una serie de postales urbanas que cualquier vecino o visitante comprueba con solo caminar por Rosario. En el municipio confirmaron que\u00a0esta temporada por primera vez decidieron mantener el llamado Operativo Invierno, hist\u00f3ricamente extendido desde mayo a septiembre para asistir a ciudadanos en situaci\u00f3n de calle. Se calcula que esta poblaci\u00f3n ronda las 500 personas y que su perfil en la pospandemia ha cambiado: quienes viven a la intemperie son\u00a0m\u00e1s j\u00f3venes que a\u00f1os atr\u00e1s\u00a0y est\u00e1n en mayor medida\u00a0atravesados por el consumo problem\u00e1tico de sustancias.<\/p>\n<p>En esa caracterizaci\u00f3n coincidieron el secretario de Desarrollo Humano y H\u00e1bitat de la Municipalidad, Nicol\u00e1s Gianelloni, y la presidenta de la asociaci\u00f3n civil \u201cMe llaman calle\u201d, Ximena Ascre.<\/p>\n<p>En el inicio de 2023 \u201cante la compleja situaci\u00f3n social\u201d se mantuvieron por primera vez todos los dispositivos previstos para asistir a quienes se encuentran en la calle, cuenta Gianelloni. En primer lugar el refugio nocturno de Felipe Mor\u00e9 al 900, inaugurado en mayo, que es para varones, tiene 50 plazas y en estos meses \u201cha estado en funcionamiento pleno\u201d. Por otro lado el espacio que opera por convenio con C\u00e1ritas para mujeres con hijos y un hostal abierto las 24 horas con 30 plazas en zona sur. \u201cTransformamos el refugio de Grandoli y Ayolas para alojar a aquellos que deciden salir de la calle, para trabajar con ellos un nuevo proyecto de vida\u201d, explica el funcionario. Se suman las \u201ccasas asistidas\u201d, un programa para las personas que a su vez pasaron por el hostal, donde se les brinda contenci\u00f3n y acompa\u00f1amiento.<\/p>\n<p>La guardia diurna y nocturna con personal especializado de la repartici\u00f3n no solo permite \u201cun mapeo\u201d de los casos -algunos cr\u00f3nicos- sino entrevistar a los individuos y grupos que se instalan en determinados puntos, a los que se intenta hacer ingresar al circuito descripto anteriormente, y cuya presencia los frentistas advierten a trav\u00e9s de la l\u00ednea telef\u00f3nica 147. En ocasiones es necesario convocar a agentes de la Secretar\u00eda de Control y Convivencia, que de acuerdo a la respuesta que tengan y el panorama con el que se encuentren, por ejemplo ante la posible comisi\u00f3n de un il\u00edcito, anotician a la autoridad policial o judicial.<\/p>\n<p>\u201cHa cambiado mucho la poblaci\u00f3n que est\u00e1 en la calle, es m\u00e1s joven y muchos tienen problemas de policonsumo (de sustancias)\u201d, describe el secretario de Desarrollo Humano. \u201cHan roto lazos comunitarios -con su familia, en el barrio- y se vuelcan sobre todo al macrocentro y a la zona de la terminal, donde cartonean o cuidan coches, tratan de sobrevivir a trav\u00e9s de econom\u00edas y circuitos informales, como por ejemplo recolecci\u00f3n (de basura)\u201d, ampl\u00eda el funcionario, que bas\u00e1ndose en el \u00faltimo censo sobre personas en situaci\u00f3n de calle realizado hace dos a\u00f1os calcula que hoy rondan las 500.<\/p>\n<p>\u201cEn la pospandemia vemos otro perfil (de vecinos que se alojan en el espacio p\u00fablico): situaciones de consumo a muy temprana edad, problemas de salud mental, discapacidades, ruptura de lazos sociales y familiares, el desdibujamiento del rol de la escuela que dej\u00f3 a sectores importantes en estado de vulnerabilidad\u201d, remata e insiste con que la apuesta es integrarlos a trav\u00e9s de los dispositivos creados a tal fin (refugios, hostal, casas asistidas).\u00a0Anunci\u00f3 que para el invierno se reforzar\u00e1n los equipos.<\/p>\n<p><strong>La mirada desde la sociedad civil<\/strong><br \/>\nXimena Ascre es la presidenta de la ONG \u201cMe llaman calle\u201d, formada el a\u00f1o pasado por un grupo de amigos que ya ven\u00edan trabajando en otras asociaciones similares con la misma poblaci\u00f3n. Hoy son 40 en total los voluntarios que se turnan para realizar semanalmente una recorrida desde Oro\u00f1o y C\u00f3rdoba hasta el Monumento a la Bandera. S\u00f3lo en ese trayecto dan entre 85 y 100 raciones de alimento, cuenta la mujer de 45 a\u00f1os, que desde los 90 est\u00e1 involucrada con este tipo de ayudas a personas que residen de manera fija o transitoria en veredas, plazas y parques.<\/p>\n<p>Desde su experiencia, observa que son m\u00e1s que en a\u00f1os anteriores. \u201cLa situaci\u00f3n es espantosa\u201d, califica sin bemoles. \u201cNo est\u00e1 ya la figura del hombre mayor que sol\u00edamos ver en una esquina, porque no llegan a viejos. No tienen m\u00e1s de 45 a\u00f1os aquellos que vemos consumidos. Hay mucha gente joven, madres muy jovencitas con sus chicos\u201d, insiste Ascre y aclara que la organizaci\u00f3n no asiste sino que ayuda. \u201cTratamos de conversar, sobre todo de escuchar y no sofocar. Ese acompa\u00f1amiento tiene un impacto en alg\u00fan momento, es un hilo de convivencia externa a la calle\u201d, afirma, aunque reconoce que en muchas oportunidades es complicado el di\u00e1logo.<\/p>\n<p>\u201cMe voy encontrando con gente nueva, sobre todo con pibada y con familias o grupos. A veces los ves y despu\u00e9s los dejas de ver, creo que van y vienen del centro. La poblaci\u00f3n es fluctuante\u201d, completa. A diferencia de otras organizaciones, \u201cMe llaman calle\u201d hace sus recorridos de los jueves todo el a\u00f1o, no solo en invierno. Cree que la poblaci\u00f3n en esta situaci\u00f3n que pulula por el macrocentro no disminuye sino que en verano se desplaza hacia la l\u00ednea del bajo (de Oro\u00f1o y el r\u00edo al Monumento).<\/p>\n<h6>Fuente: La Capital<\/h6>\n","protected":false},"excerpt":{"rendered":"<p>El municipio reforz\u00f3 este verano los dispositivos previstos de mayo a septiembre para esta poblaci\u00f3n. Estiman que son 500 personas, y cada vez m\u00e1s j\u00f3venes, quienes fluct\u00faan sobre todo en el macrocentro<\/p>\n","protected":false},"author":2,"featured_media":134201,"comment_status":"closed","ping_status":"closed","sticky":false,"template":"","format":"standard","meta":{"footnotes":""},"categories":[2],"tags":[10],"class_list":["post-134200","post","type-post","status-publish","format-standard","has-post-thumbnail","hentry","category-informe-municipal","tag-santa-fe"],"_links":{"self":[{"href":"http:\/\/argentinamunicipal.com.ar\/argentina\/wp-json\/wp\/v2\/posts\/134200","targetHints":{"allow":["GET"]}}],"collection":[{"href":"http:\/\/argentinamunicipal.com.ar\/argentina\/wp-json\/wp\/v2\/posts"}],"about":[{"href":"http:\/\/argentinamunicipal.com.ar\/argentina\/wp-json\/wp\/v2\/types\/post"}],"author":[{"embeddable":true,"href":"http:\/\/argentinamunicipal.com.ar\/argentina\/wp-json\/wp\/v2\/users\/2"}],"replies":[{"embeddable":true,"href":"http:\/\/argentinamunicipal.com.ar\/argentina\/wp-json\/wp\/v2\/comments?post=134200"}],"version-history":[{"count":0,"href":"http:\/\/argentinamunicipal.com.ar\/argentina\/wp-json\/wp\/v2\/posts\/134200\/revisions"}],"wp:featuredmedia":[{"embeddable":true,"href":"http:\/\/argentinamunicipal.com.ar\/argentina\/wp-json\/wp\/v2\/media\/134201"}],"wp:attachment":[{"href":"http:\/\/argentinamunicipal.com.ar\/argentina\/wp-json\/wp\/v2\/media?parent=134200"}],"wp:term":[{"taxonomy":"category","embeddable":true,"href":"http:\/\/argentinamunicipal.com.ar\/argentina\/wp-json\/wp\/v2\/categories?post=134200"},{"taxonomy":"post_tag","embeddable":true,"href":"http:\/\/argentinamunicipal.com.ar\/argentina\/wp-json\/wp\/v2\/tags?post=134200"}],"curies":[{"name":"wp","href":"https:\/\/api.w.org\/{rel}","templated":true}]}}