{"id":134203,"date":"2023-03-01T05:30:01","date_gmt":"2023-03-01T08:30:01","guid":{"rendered":"http:\/\/argentinamunicipal.com.ar\/argentina\/?p=134203"},"modified":"2023-02-28T19:58:07","modified_gmt":"2023-02-28T22:58:07","slug":"este-miercoles-comienzan-a-funcionar-las-130-bicicletas-publicas-en-santa-fe-hay-22-estaciones-y-se-retiran-con-una-app","status":"publish","type":"post","link":"http:\/\/argentinamunicipal.com.ar\/argentina\/este-miercoles-comienzan-a-funcionar-las-130-bicicletas-publicas-en-santa-fe-hay-22-estaciones-y-se-retiran-con-una-app\/","title":{"rendered":"Este mi\u00e9rcoles comienzan a funcionar las 130 bicicletas p\u00fablicas en Santa Fe: hay 22 estaciones y se retiran con una app"},"content":{"rendered":"<p>As\u00ed lo confirmaron desde el municipio local. La app \u00abLas Bicis &#8211; Santa Fe Capital\u00bb ya est\u00e1 disponible para el registro de los usuarios, con la informaci\u00f3n sobre el uso de los veh\u00edculos.<\/p>\n<p>Desde este mi\u00e9rcoles se ponen en funcionamiento las bicicletas p\u00fablicas enmarcadas en el nuevo componente del subsistema de transporte p\u00fablico de la ciudad, sum\u00e1ndose a colectivos urbanos, taxis y remises. Con 130 unidades apostadas en 22 biciestaciones diseminadas en gran parte de la ciudad se lanza<\/p>\n<p>La Direcci\u00f3n de Movilidad ser\u00e1 el \u00e1rea municipal que tendr\u00e1 bajo su \u00f3rbita el sistema, anticiparon que la idea es que comience a funcionar antes de fin de a\u00f1o. En esta primera etapa habr\u00e1 20 biciestaciones para el anclaje y desanclaje de las unidades, con 130 rodados adquiridos por el municipio. Las biciestaciones est\u00e1n disponibles para visualizarse con su ubicaci\u00f3n en la app.<\/p>\n<p>En relaci\u00f3n a la simbiosis junto con el sistema de transporte urbano de colectivos la secretaria de Movilidad municipal, Andrea Zorzon puntualiz\u00f3 que \u00abla idea es que tenga una relaci\u00f3n con el sistema de transporte p\u00fablico de colectivo. Entendemos que es importante pensar el sistema de movilidad integrando todas las formas y que tambi\u00e9n eso se refleje en los valores, en la tarifa; que haya una articulaci\u00f3n de manera integrada\u00bb.<\/p>\n<p><strong>C\u00f3mo usarlas<\/strong><br \/>\nEl paso a paso sobre el uso de las bicicletas que forman parte del subsistema de transporte de la ciudad se encuentra disponible en la app \u00abLas Bicis &#8211; Santa Fe Capital\u00bb, la cual se debe descargar y registrar como usuario en primer lugar. Luego, cuando se encuentre el usuario en contacto con la bicicleta se debe escanear el c\u00f3digo QR que figura en la unidad encendiendo el bluetooth del celular, aunque tambi\u00e9n se puede ingresar manualmente su matr\u00edcula.<\/p>\n<p>Posteriormente se debe destrabar la traba tipo \u00abU\u00bb de la bicicleta esperando o\u00edr el sonido correspondiente. Esta traba debe guardarse encastr\u00f1andola en los c\u00edrculos al costado o frente de la unidad que sirven para esta finalidad. De esta forma ya se podr\u00e1 utilizar el veh\u00edculo. Una vez finalizado el recorrido y habiendo llegado a la estaci\u00f3n de destino se debe trabar la bicilceta con la traba \u00abU\u00bb que se guard\u00f3 previamente, vincul\u00e1ndola al bicicletero.<\/p>\n<p><strong>Roturas, p\u00e9rdidas, multas e infracciones<\/strong><br \/>\nLos usuarios, como as\u00ed tambi\u00e9n los tutores o representantes legales en caso de menores de edad, ser\u00e1n responsables por \u00abla p\u00e9rdida o da\u00f1os que ocasione en los elementos de la bicicleta y\/o biciestaciones durante el tiempo en el que se encuentre bajo su custodia o haciendo uso del SBP\u00bb.<\/p>\n<p>En caso de no efectuar la devoluci\u00f3n de la bicicleta, deber\u00e1n afrontar el pago del valor correspondiente para la reposici\u00f3n de la unidad. Tal valor ser\u00e1 fijado por la autoridad de aplicaci\u00f3n.<\/p>\n<p>La ordenanza tambi\u00e9n prev\u00e9 que el Departamento Ejecutivo Municipal pueda \u00abdisponer que cada unidad cuente con un seguro de responsabilidad civil durante el per\u00edodo en que se encuentre en funcionamiento\u00bb. La norma establece infracciones \u00ableves, graves y muy graves\u00bb con multas de hasta 500 UF (Unidades Fijas) y bloqueo del usuario por un per\u00edodo de hasta 36 meses.\u201d<\/p>\n<h6>Fuente: Uno<\/h6>\n","protected":false},"excerpt":{"rendered":"<p>As\u00ed lo confirmaron desde el municipio local. La app \u00abLas Bicis &#8211; Santa Fe Capital\u00bb ya est\u00e1 disponible para el registro de los usuarios, con la informaci\u00f3n sobre el uso de los veh\u00edculos.<\/p>\n","protected":false},"author":2,"featured_media":134204,"comment_status":"closed","ping_status":"closed","sticky":false,"template":"","format":"standard","meta":{"footnotes":""},"categories":[2],"tags":[10],"class_list":["post-134203","post","type-post","status-publish","format-standard","has-post-thumbnail","hentry","category-informe-municipal","tag-santa-fe"],"_links":{"self":[{"href":"http:\/\/argentinamunicipal.com.ar\/argentina\/wp-json\/wp\/v2\/posts\/134203","targetHints":{"allow":["GET"]}}],"collection":[{"href":"http:\/\/argentinamunicipal.com.ar\/argentina\/wp-json\/wp\/v2\/posts"}],"about":[{"href":"http:\/\/argentinamunicipal.com.ar\/argentina\/wp-json\/wp\/v2\/types\/post"}],"author":[{"embeddable":true,"href":"http:\/\/argentinamunicipal.com.ar\/argentina\/wp-json\/wp\/v2\/users\/2"}],"replies":[{"embeddable":true,"href":"http:\/\/argentinamunicipal.com.ar\/argentina\/wp-json\/wp\/v2\/comments?post=134203"}],"version-history":[{"count":0,"href":"http:\/\/argentinamunicipal.com.ar\/argentina\/wp-json\/wp\/v2\/posts\/134203\/revisions"}],"wp:featuredmedia":[{"embeddable":true,"href":"http:\/\/argentinamunicipal.com.ar\/argentina\/wp-json\/wp\/v2\/media\/134204"}],"wp:attachment":[{"href":"http:\/\/argentinamunicipal.com.ar\/argentina\/wp-json\/wp\/v2\/media?parent=134203"}],"wp:term":[{"taxonomy":"category","embeddable":true,"href":"http:\/\/argentinamunicipal.com.ar\/argentina\/wp-json\/wp\/v2\/categories?post=134203"},{"taxonomy":"post_tag","embeddable":true,"href":"http:\/\/argentinamunicipal.com.ar\/argentina\/wp-json\/wp\/v2\/tags?post=134203"}],"curies":[{"name":"wp","href":"https:\/\/api.w.org\/{rel}","templated":true}]}}