{"id":13425,"date":"2014-08-14T10:27:53","date_gmt":"2014-08-14T13:27:53","guid":{"rendered":"http:\/\/argentinamunicipal.com.ar\/argentina\/?p=13425"},"modified":"2014-08-15T09:26:24","modified_gmt":"2014-08-15T12:26:24","slug":"las-pertenencias-del-mariscal-paraguayo-llegaron-a-su-destino-despues-de-150-anos","status":"publish","type":"post","link":"http:\/\/argentinamunicipal.com.ar\/argentina\/las-pertenencias-del-mariscal-paraguayo-llegaron-a-su-destino-despues-de-150-anos\/","title":{"rendered":"Las pertenencias del mariscal paraguayo llegaron a su destino despu\u00e9s de 150 a\u00f1os"},"content":{"rendered":"<p><a href=\"http:\/\/argentinamunicipal.com.ar\/argentina\/wp-content\/uploads\/2014\/08\/o_1407987533-1.jpg\"><img loading=\"lazy\" decoding=\"async\" class=\"aligncenter size-full wp-image-13426\" src=\"http:\/\/argentinamunicipal.com.ar\/argentina\/wp-content\/uploads\/2014\/08\/o_1407987533-1.jpg\" alt=\"o_1407987533 (1)\" width=\"640\" height=\"360\" srcset=\"http:\/\/argentinamunicipal.com.ar\/argentina\/wp-content\/uploads\/2014\/08\/o_1407987533-1.jpg 640w, http:\/\/argentinamunicipal.com.ar\/argentina\/wp-content\/uploads\/2014\/08\/o_1407987533-1-300x168.jpg 300w\" sizes=\"auto, (max-width: 640px) 100vw, 640px\" \/><\/a><br \/>\nLa presidenta Cristina Fern\u00e1ndez de Kirchner encabez\u00f3 en Asunci\u00f3n con su par de Paraguay, Horacio Cartes, y el gobernador Sergio Urribarri, el acto formal de restituci\u00f3n de los muebles que pertenecieron al mariscal Francisco Solano L\u00f3pez. El entrerriano y los jefes de Estado firmaron adem\u00e1s un documento para permitir que el pa\u00eds vecino opere en el puerto Ibicuy.<\/p>\n<p>\u201cEs un orgullo estar aqu\u00ed restituyendo estos muebles, como dijo la Presidenta, en un momento tan especial que vive la Argentina y el mundo. Les dec\u00eda reci\u00e9n a los presidentes de Paraguay y de Argentina que los intereses que hace 150 a\u00f1os, durante la guerra de la Triple Alianza, no quer\u00edan permitir un modelo aut\u00f3nomo de desarrollo, son los mismos que hoy pretenden arrodillar a nuestro pa\u00eds, justamente con la extorsi\u00f3n de los fondos buitres\u201d, dijo el gobernador entrerriano a la prensa paraguaya.<\/p>\n<p>\u201cActos como este hermanan mucho m\u00e1s a estos pa\u00edses que en la historia, producto de equivocaciones de hombres y mujeres, bajo el esp\u00edritu que en aquel momento era el de Inglaterra, no permit\u00edan que se desarrolle otro pa\u00eds en el mundo que no sea de Europa.<\/p>\n<p>La devoluci\u00f3n de los muebles significan una verg\u00fcenza menos sobre nuestras espaldas\u201d, explic\u00f3 Urribarri apenas terminado el acto en el Palacio de L\u00f3pez, donde quedaron depositados definitivamente los muebles.<\/p>\n<p>Los objetos devueltos, que hab\u00edan sido incautados por el r\u00e9gimen mitrista hace 150 a\u00f1os durante la guerra de La Triple Alianza, estuvieron en el museo Hist\u00f3rico de Entre R\u00edos, tras otros destinos, y el gobernador Urribarri decidi\u00f3 retirarlos de ese lugar porque \u201ceran un trofeo de guerra\u201d y dispuso devolverlos a \u201cdonde deben estar\u201d.<\/p>\n<p><strong>Gesto entrerriano.<\/strong> La presidenta Cristina Fern\u00e1ndez de Kirchner, tras firmar el acta respectiva, destac\u00f3 el valor que adquiere esta restituci\u00f3n y resalt\u00f3 la voluntad del gobernador Urribarri por su decisi\u00f3n. \u201cLos v\u00ednculos con el Paraguay son muy importantes en lo hist\u00f3rico, en lo pol\u00edtico y en lo econ\u00f3mico, pero en alg\u00fan momento de la historia la relaci\u00f3n no fue tan buena. Por eso hoy estamos aqu\u00ed, a partir de un gesto del gobernador de Entre R\u00edos que decidi\u00f3 restituir estos muebles. Esto no es una donaci\u00f3n, es una reparaci\u00f3n hist\u00f3rica, en este caso de la provincia de Entre R\u00edos y de todos los argentinos, al gobierno de la Rep\u00fablica del Paraguay y a todos los paraguayos, restituyendo el mobiliario del mariscal Francisco Solano L\u00f3pez\u201d, explic\u00f3 Cristina Fern\u00e1ndez de Kirchner.<\/p>\n<p>\u201cYo s\u00e9 que algunos van a minimizar el gesto \u2013continu\u00f3 la Presidenta\u2013, pero s\u00e9 que todos los paraguayos que llevan muy adentro muchas cosas que les pasaron y que tuvieron que sufrir y que tal vez les fueron relatadas por sus bisabuelos, tatarabuelos, lo que pas\u00f3 el d\u00eda de hoy no es un d\u00eda m\u00e1s, es un d\u00eda donde un pa\u00eds que en alg\u00fan momento fue conducido por autoridades que eran manejadas desde afuera y pas\u00f3 lo que pas\u00f3, est\u00e1 reparando eso, que no fueron errores, sino pol\u00edticas claras y deliberadas, que nosotros no compartimos y que venimos hoy a reparar\u201d, complet\u00f3 Cristina.<\/p>\n<p>Por \u00faltimo, afirm\u00f3 que gobernar es \u201chacer andar un pa\u00eds, y en eso estamos y vamos a seguir estando, en el entretanto, tambi\u00e9n hacemos reparaciones hist\u00f3ricas como la que estamos haciendo hoy\u201d.<\/p>\n<p><strong>Decisi\u00f3n hist\u00f3rica<\/strong>. El presidente paraguayo, en tanto, agradeci\u00f3 esta decisi\u00f3n hist\u00f3rica y valor\u00f3 el gesto de Urribarri. \u201cAgradezco con emoci\u00f3n al gobierno y al pueblo de la provincia de Entre R\u00edos, en la persona del gobernador Sergio Urribarri, por posibilitar esta devoluci\u00f3n hist\u00f3rica. Sin dudas se trata de la recuperaci\u00f3n de un patrimonio de incalculable valor para nosotros. Constituye un hecho que nos llena de emoci\u00f3n a todos los paraguayos porque estos muebles, despu\u00e9s de una larga traves\u00eda por los senderos de la historia, llegan por fin a su destino. Estas reliquias, construidas en el Siglo XIX para el hogar de Francisco Solano L\u00f3pez, est\u00e1n hoy en su casa, en este hist\u00f3rico palacio,\u201d, indic\u00f3 Cartes.<\/p>\n<p>Asegur\u00f3 finalmente que \u201ccuando se anunciaba la devoluci\u00f3n del mobiliario que perteneciera al mariscal Francisco Solano L\u00f3pez, realmente mi coraz\u00f3n se llen\u00f3 de ese hermoso sentimiento que produce un acto de justicia hist\u00f3rica\u201d.<\/p>\n<p><strong>En su lugar<\/strong>. El mobiliario fue ubicado en Sal\u00f3n Independencia del Palacio de L\u00f3pez, sede del Poder Ejecutivo de Paraguay, destino original de los muebles tra\u00eddos desde Alemania en tiempos de la sangrienta guerra.<\/p>\n<p>Esta devoluci\u00f3n cierra una deuda hist\u00f3rica con el vecino pa\u00eds y significa un acto de uni\u00f3n entre los dos pueblos. La ceremonia estuvo cargada de un simbolismo pol\u00edtico en tiempos de fortalecimiento en los lazos latinoamericanos afianzados desde Argentina en la \u00faltima d\u00e9cada.<\/p>\n<p><a href=\"http:\/\/argentinamunicipal.com.ar\/argentina\/wp-content\/uploads\/2014\/08\/e_1407968633.jpg\"><img loading=\"lazy\" decoding=\"async\" class=\"alignleft size-full wp-image-13427\" src=\"http:\/\/argentinamunicipal.com.ar\/argentina\/wp-content\/uploads\/2014\/08\/e_1407968633.jpg\" alt=\"e_1407968633\" width=\"432\" height=\"324\" srcset=\"http:\/\/argentinamunicipal.com.ar\/argentina\/wp-content\/uploads\/2014\/08\/e_1407968633.jpg 432w, http:\/\/argentinamunicipal.com.ar\/argentina\/wp-content\/uploads\/2014\/08\/e_1407968633-300x225.jpg 300w\" sizes=\"auto, (max-width: 432px) 100vw, 432px\" \/><\/a><strong>Los muebles<\/strong>. El mobiliario est\u00e1 integrado por diez sillas, un escritorio, un billit y un dressoir. Su autenticidad fue verificada a trav\u00e9s de una investigaci\u00f3n sobre relatos y registros hist\u00f3ricos. El 11 de febrero de 1985, el gobierno de Entre R\u00edos acept\u00f3 el legado de los muebles por parte de Juana Dorila Iraizoz, que los hab\u00eda donado en 1969. Desde entonces, fueron expuestos en el museo Martiniano Leguizam\u00f3n, en Paran\u00e1.<\/p>\n<p>En 2011, enterado de la existencia de esos muebles en el museo entrerriano, el gobernador Urribarri orden\u00f3 que fueran sacados de exhibici\u00f3n al considerar \u201cuna verg\u00fcenza\u201d que esos objetos robados estuvieran expuestos. Luego el mandatario dio instrucciones para que se iniciara el tr\u00e1mite administrativo para la restituci\u00f3n de las piezas al Estado paraguayo, lo que finalmente se concret\u00f3 ahora.<\/p>\n<h3><\/h3>\n<h3>Acuerdo para uso del puerto de Ibicuy<\/h3>\n<p>En el marco de la visita a Paraguay, el gobernador Urribarri rubric\u00f3 tambi\u00e9n una carta de intenci\u00f3n entre la provincia de Entre R\u00edos y los gobiernos argentino y paraguayo para que el vecino pa\u00eds opere desde el puerto entrerriano de Ibicuy.<\/p>\n<p>El entendimiento, que potenciar\u00e1 las actividades en la estaci\u00f3n fluvial entrerriana y en toda la regi\u00f3n, fue tambi\u00e9n rubricado por los presidentes y los cancilleres de ambos pa\u00edses, y form\u00f3 parte de la agenda bilateral concretada durante la cumbre presidencial en el palacio de gobierno paraguayo, en Asunci\u00f3n.<\/p>\n<p>El documento tiene por objeto \u201cfortalecer la integraci\u00f3n del transporte en la regi\u00f3n, particularmente del proyecto de desarrollo de la terminal de combustibles y cereales que llevar\u00e1 a cabo la provincia de Entre R\u00edos para mejorar las instalaciones portuarias\u201d.<\/p>\n<p>\u201cHay un trabajo que venimos realizando hace meses. Funcionarios paraguayos est\u00e1n recorriendo el puerto de Ibicuy donde hay potencial y posibilidades concretas para que Paraguay pueda hacer desde all\u00ed trasbordo de combustible que es una operaci\u00f3n importante\u201d, explic\u00f3 Urribarri.<\/p>\n<p>M\u00e1s adelante indic\u00f3: \u201cEste puerto tiene una enorme perspectiva de crecimiento y no tengo dudas de que se transformar\u00e1 en una estaci\u00f3n fluvial de referencia de la Hidrov\u00eda Paran\u00e1-Paraguay. Nuestro puerto es estrat\u00e9gico para que Paraguay, Bolivia y Brasil puedan operar su producci\u00f3n sin necesidad de ning\u00fan tipo de trasbordos. La Presidenta nos plante\u00f3 oportunamente el rumbo estrat\u00e9gico de la integraci\u00f3n para la Patria Grande, consolidando el nivel pol\u00edtico para avanzar tambi\u00e9n en lo econ\u00f3mico y en la infraestructura, y desde Entre R\u00edos nos ponemos al frente de este modelo de integraci\u00f3n, y ahora avanzamos con Paraguay para que tengan una salida directa al mar desde nuestra provincia\u201d.<\/p>\n<p>Este entendimiento tiene su correlato con la decisi\u00f3n del Naci\u00f3n de crear en el puerto de Ibicuy una zona franca comercial exportadora, lo que fue anunciado en marzo pasado por el ministro de Planificaci\u00f3n Federal, Julio De Vido, al presentar en Paran\u00e1 el Plan Quinquenal de ese distrito. All\u00ed el ministro ratific\u00f3 que la presidenta Cristina Fern\u00e1ndez de Kirchner dio las instrucciones para generar las medidas necesarias para potenciar el puerto y redactar el reglamento para establecer la zona franca comercial exportadora para el puerto.<\/p>\n<p>Ibicuy, que se encuentra sobre el r\u00edo Paran\u00e1 Guaz\u00fa, es un puerto de aguas profundas y las cargas descendentes (granos) y ascendentes (combustible) generaron el inter\u00e9s para trabajar en conjunto con Paraguay. La estaci\u00f3n fluvial ubicada al sur de Entre R\u00edos tiene un calado natural de 32 pies, siendo la m\u00e1s profunda de la provincia y posee condiciones inmejorables para operar cargas de mucho volumen.<\/p>\n<h6>Fuente: El Diario, Entre R\u00edos<\/h6>\n","protected":false},"excerpt":{"rendered":"<p>La presidenta Cristina Fern\u00e1ndez de Kirchner encabez\u00f3 en Asunci\u00f3n con su par de Paraguay, Horacio Cartes, y el gobernador Sergio Urribarri, el acto formal de restituci\u00f3n de los muebles que pertenecieron al mariscal Francisco Solano L\u00f3pez. El entrerriano y los jefes de Estado firmaron adem\u00e1s un documento para permitir que el pa\u00eds vecino opere en<\/p>\n","protected":false},"author":2,"featured_media":13427,"comment_status":"closed","ping_status":"closed","sticky":false,"template":"","format":"standard","meta":{"footnotes":""},"categories":[22],"tags":[21],"class_list":["post-13425","post","type-post","status-publish","format-standard","has-post-thumbnail","hentry","category-el-mundo","tag-argentina"],"_links":{"self":[{"href":"http:\/\/argentinamunicipal.com.ar\/argentina\/wp-json\/wp\/v2\/posts\/13425","targetHints":{"allow":["GET"]}}],"collection":[{"href":"http:\/\/argentinamunicipal.com.ar\/argentina\/wp-json\/wp\/v2\/posts"}],"about":[{"href":"http:\/\/argentinamunicipal.com.ar\/argentina\/wp-json\/wp\/v2\/types\/post"}],"author":[{"embeddable":true,"href":"http:\/\/argentinamunicipal.com.ar\/argentina\/wp-json\/wp\/v2\/users\/2"}],"replies":[{"embeddable":true,"href":"http:\/\/argentinamunicipal.com.ar\/argentina\/wp-json\/wp\/v2\/comments?post=13425"}],"version-history":[{"count":0,"href":"http:\/\/argentinamunicipal.com.ar\/argentina\/wp-json\/wp\/v2\/posts\/13425\/revisions"}],"wp:featuredmedia":[{"embeddable":true,"href":"http:\/\/argentinamunicipal.com.ar\/argentina\/wp-json\/wp\/v2\/media\/13427"}],"wp:attachment":[{"href":"http:\/\/argentinamunicipal.com.ar\/argentina\/wp-json\/wp\/v2\/media?parent=13425"}],"wp:term":[{"taxonomy":"category","embeddable":true,"href":"http:\/\/argentinamunicipal.com.ar\/argentina\/wp-json\/wp\/v2\/categories?post=13425"},{"taxonomy":"post_tag","embeddable":true,"href":"http:\/\/argentinamunicipal.com.ar\/argentina\/wp-json\/wp\/v2\/tags?post=13425"}],"curies":[{"name":"wp","href":"https:\/\/api.w.org\/{rel}","templated":true}]}}