{"id":134254,"date":"2023-03-02T05:30:50","date_gmt":"2023-03-02T08:30:50","guid":{"rendered":"http:\/\/argentinamunicipal.com.ar\/argentina\/?p=134254"},"modified":"2023-03-01T19:09:47","modified_gmt":"2023-03-01T22:09:47","slug":"claroscuros-de-la-economia-en-el-discurso-de-alberto-fernandez","status":"publish","type":"post","link":"http:\/\/argentinamunicipal.com.ar\/argentina\/claroscuros-de-la-economia-en-el-discurso-de-alberto-fernandez\/","title":{"rendered":"Claroscuros de la econom\u00eda en el discurso de Alberto Fern\u00e1ndez"},"content":{"rendered":"<p>La mayor\u00eda de las variables macroecon\u00f3micas muestra saldos positivos en tres a\u00f1os de mandato, resultados destacados por el Presidente en la Asamblea Legislativa. Pero no ha mejorado el ingreso real de gran parte de los trabajadores formales e informales. Esto plantea tensiones sobre el modelo de crecimiento dentro del oficialismo.<\/p>\n<p>El discurso del presidente Alberto Fern\u00e1ndez\u00a0en la apertura de las sesiones ordinarias del Congreso Nacional tuvo un prolongado recorrido de\u00a0balance econ\u00f3mico de tres a\u00f1os de mandato. El saldo de la mayor\u00eda de las variables macroecon\u00f3micas, de la gesti\u00f3n del sector p\u00fablico y de las empresas estatales ha sido positivo en este per\u00edodo. Este resultado fue respaldado con cifras y evaluaciones objetivas acerca de la marcha de la econom\u00eda, con dinamismo del mercado laboral, muchos sectores productivos y de servicios superando los niveles\u00a0prepandemia y varios por encima del pico de 2017 del gobierno de Mauricio Macri.<\/p>\n<p>La marcha econ\u00f3mica est\u00e1 mostrando, sin embargo, dos rostros opuestos que puede generar confusi\u00f3n al momento del abordaje anal\u00edtico acerca de qu\u00e9 est\u00e1 pasando. Actividad econ\u00f3mica y consumo muy din\u00e1micos en algunos sectores, con producci\u00f3n industrial y generaci\u00f3n de empleo formal e informal en constante crecimiento, al tiempo de ingresos de trabajadores y jubilados insuficientes en un contexto de inflaci\u00f3n muy elevada.<\/p>\n<p>La descripci\u00f3n global de Fern\u00e1ndez entonces fue una s\u00edntesis de la expansi\u00f3n de un modelo desarrollista con criterio nacional. La definici\u00f3n clave de este sendero lo ofreci\u00f3 el Presidente, diciendo que la compart\u00eda con el ministro Sergio Massa: la prioridad es el crecimiento para poder redistribuir el ingreso. El concepto central es que sin crecimiento econ\u00f3mico no se puede mejorar las condiciones materiales de trabajadores y jubilados.<\/p>\n<p>Se trata de una postulaci\u00f3n b\u00e1sica que no necesita una explicaci\u00f3n adicional. La controversia aparece cuando se observa\u00a0qu\u00e9 sucede cuando la econom\u00eda crece, como precis\u00f3 Fern\u00e1ndez al destacar el 10,3 por ciento en el 2021, el 5,2 por ciento en el 2022 y la perspectiva de un resultado positivo en este a\u00f1o, para\u00a0acumular tres a\u00f1os seguidos de alza, ciclo que no se registraba desde el 2008.<\/p>\n<p>Hubo y puede haber crecimiento econ\u00f3mico pero el ingreso real de gran parte de los trabajadores y de los jubilados no ha mejorado sustancialmente y arrastra una p\u00e9rdida de 15 a 20 por ciento desde el derrumbe macrista. O sea,\u00a0la distribuci\u00f3n del ingreso no ha cambiado en esencia y consolid\u00f3 el rasgo regresivo pese al crecimiento econ\u00f3mico, condici\u00f3n necesaria expuesta por Fern\u00e1ndez pero, queda en evidencia, insuficiente para un mejor reparto de la riqueza incrementada en estos a\u00f1os.<\/p>\n<p>Si se quiere comprender lo que est\u00e1 pasando y con criterio cr\u00edtico cu\u00e1l es la disputa interna en el oficialismo es necesario eludir las sentencias que ignoran uno de\u00a0los dos aspectos centrales de este ciclo de crecimiento sin distribuci\u00f3n. O sea, son exagerados quienes s\u00f3lo se abrazan a indicadores macroecon\u00f3micos positivos y desestiman la situaci\u00f3n cr\u00edtica en los ingresos de una porci\u00f3n mayoritaria de la poblaci\u00f3n. Tienen tambi\u00e9n una mirada parcial quienes s\u00f3lo enfatizan el cuadro inquietante de inflaci\u00f3n elevada y debilidad de ingresos en t\u00e9rminos reales para afirmar que existe una crisis macroecon\u00f3mica.<\/p>\n<p>El cuadro general es de desigualdad en el reparto del crecimiento y con indicadores macroecon\u00f3micos generales positivos. No se trata de la discusi\u00f3n pol\u00edtica sobre el vaso medio lleno o medio vac\u00edo de un ciclo econ\u00f3mico, sino de interpretar un determinado\u00a0r\u00e9gimen de acumulaci\u00f3n que consolida la existencia de ese esquema de distribuci\u00f3n del ingreso.<\/p>\n<p>Aqu\u00ed es donde aparece\u00a0la debilidad del modelo desarrollista nacional\u00a0que, con este resultado,\u00a0no puede incorporar el concepto popular. Para una fuerza pol\u00edtica conservadora, como la alianza macrista-radical, \u00e9ste no ser\u00eda un aspecto relevante y poco le importa \u2013m\u00e1s bien, promueve un modelo regresivo-, puesto que sus premisas pol\u00edticas y base electoral son diferentes.<\/p>\n<p>En cambio, para una coalici\u00f3n que se reconoce e identifica con la concepci\u00f3n nacional y popular, cuya base mayoritaria est\u00e1 integrada por trabajadores formales e informales y grupos sociales medios bajos y vulnerables, el actual saldo econ\u00f3mico expresa\u00a0 fragilidad que se traduce en las conocidas\u00a0tensiones al interior del oficialismo.<\/p>\n<h6>Fuente: P\u00e1gina 12<\/h6>\n","protected":false},"excerpt":{"rendered":"<p>La mayor\u00eda de las variables macroecon\u00f3micas muestra saldos positivos en tres a\u00f1os de mandato, resultados destacados por el Presidente en la Asamblea Legislativa. Pero no ha mejorado el ingreso real de gran parte de los trabajadores formales e informales.<\/p>\n","protected":false},"author":2,"featured_media":134255,"comment_status":"closed","ping_status":"closed","sticky":false,"template":"","format":"standard","meta":{"footnotes":""},"categories":[8],"tags":[21],"class_list":["post-134254","post","type-post","status-publish","format-standard","has-post-thumbnail","hentry","category-informe-nacional","tag-argentina"],"_links":{"self":[{"href":"http:\/\/argentinamunicipal.com.ar\/argentina\/wp-json\/wp\/v2\/posts\/134254","targetHints":{"allow":["GET"]}}],"collection":[{"href":"http:\/\/argentinamunicipal.com.ar\/argentina\/wp-json\/wp\/v2\/posts"}],"about":[{"href":"http:\/\/argentinamunicipal.com.ar\/argentina\/wp-json\/wp\/v2\/types\/post"}],"author":[{"embeddable":true,"href":"http:\/\/argentinamunicipal.com.ar\/argentina\/wp-json\/wp\/v2\/users\/2"}],"replies":[{"embeddable":true,"href":"http:\/\/argentinamunicipal.com.ar\/argentina\/wp-json\/wp\/v2\/comments?post=134254"}],"version-history":[{"count":0,"href":"http:\/\/argentinamunicipal.com.ar\/argentina\/wp-json\/wp\/v2\/posts\/134254\/revisions"}],"wp:featuredmedia":[{"embeddable":true,"href":"http:\/\/argentinamunicipal.com.ar\/argentina\/wp-json\/wp\/v2\/media\/134255"}],"wp:attachment":[{"href":"http:\/\/argentinamunicipal.com.ar\/argentina\/wp-json\/wp\/v2\/media?parent=134254"}],"wp:term":[{"taxonomy":"category","embeddable":true,"href":"http:\/\/argentinamunicipal.com.ar\/argentina\/wp-json\/wp\/v2\/categories?post=134254"},{"taxonomy":"post_tag","embeddable":true,"href":"http:\/\/argentinamunicipal.com.ar\/argentina\/wp-json\/wp\/v2\/tags?post=134254"}],"curies":[{"name":"wp","href":"https:\/\/api.w.org\/{rel}","templated":true}]}}