{"id":134269,"date":"2023-03-02T05:19:07","date_gmt":"2023-03-02T08:19:07","guid":{"rendered":"http:\/\/argentinamunicipal.com.ar\/argentina\/?p=134269"},"modified":"2023-03-01T19:25:06","modified_gmt":"2023-03-01T22:25:06","slug":"59-comunas-y-municipios-de-cordoba-accederan-a-fondos-nacionales","status":"publish","type":"post","link":"http:\/\/argentinamunicipal.com.ar\/argentina\/59-comunas-y-municipios-de-cordoba-accederan-a-fondos-nacionales\/","title":{"rendered":"59 comunas y municipios de C\u00f3rdoba acceder\u00e1n a fondos nacionales"},"content":{"rendered":"<p>En una reuni\u00f3n en Villa Mar\u00eda, el Consejo Nacional de Coordinaci\u00f3n de Pol\u00edticas Sociales firm\u00f3 convenios con intendentes y jefes comunales.<\/p>\n<p>La titular del\u00a0Consejo Nacional de Coordinaci\u00f3n de Pol\u00edticas Sociales (Cncps), Marisol Merquel, firm\u00f3 convenios con intendentes y jefes comunales de\u00a059 localidades del interior de la provincia de C\u00f3rdoba, para el acceso a beneficios mediante distintos programas federales que est\u00e1n vigentes, seg\u00fan se inform\u00f3 oficialmente.<\/p>\n<p>La reuni\u00f3n se realiz\u00f3 en\u00a0Villa Mar\u00eda, donde la funcionaria nacional estuvo acompa\u00f1ada por el intendente\u00a0Mart\u00edn Gill, quien fue secretario de Obras P\u00fablicas de la Naci\u00f3n hasta diciembre de 2021.<\/p>\n<p>Merquel firm\u00f3 convenios de pol\u00edticas sociales, como es el caso del &#8216;Programa Ayudas Urgentes&#8217; por $38,5 millones para que los municipios y comunas puedan atender situaciones urgentes que requieran intervenci\u00f3n inmediata, detectadas en el contacto directo con el territorio en el marco del Plan Nacional Accionar.<\/p>\n<p>Tambi\u00e9n se dispuso de un aporte de $12 millones en el marco del\u00a0Programa Accionar Infancia, que promueve el favorecimiento del desarrollo infantil temprano a trav\u00e9s de estrategias de apoyo y acompa\u00f1amiento, desde un abordaje territorial e integral de pol\u00edticas sociales en los departamentos y municipios priorizados.<\/p>\n<p>Asimismo, entre los programas se destaca\u00a0MultiplicAR, con una inversi\u00f3n de $ 7 millones para el equipamiento e instalaci\u00f3n de mercados de puntos de venta fijo y\/o itinerante en el que se comercializan alimentos destinados a la poblaci\u00f3n local, ya ferias francas y agroecol\u00f3gicas.<\/p>\n<p>La funcionaria nacional destac\u00f3 la importancia de los intendentes y jefes comunales se sumen a estos acuerdos directos, como una forma de \u00abavanzar en la federalizaci\u00f3n de las pol\u00edticas p\u00fablicas del gobierno nacional\u00bb, y resalt\u00f3 que el objetivo es \u00abllegar a cada uno de los rincones de la Argentina para transformar la vida de los vecinos y vecinas\u00bb.<\/p>\n<p>Por su parte el intendente Gill resalto el compromiso del Gobierno nacional por \u00abacercar a las provincias los beneficios que permiten cubrir necesidades\u00bb, y destac\u00f3 que eso es un gran ejemplo de \u00abtrabajar en la construcci\u00f3n de un pa\u00eds federal\u00bb.<\/p>\n<h6>Fuente: La Nueva Ma\u00f1ana<\/h6>\n","protected":false},"excerpt":{"rendered":"<p>En una reuni\u00f3n en Villa Mar\u00eda, el Consejo Nacional de Coordinaci\u00f3n de Pol\u00edticas Sociales firm\u00f3 convenios con intendentes y jefes comunales.<\/p>\n","protected":false},"author":2,"featured_media":134270,"comment_status":"closed","ping_status":"closed","sticky":false,"template":"","format":"standard","meta":{"footnotes":""},"categories":[2],"tags":[3],"class_list":["post-134269","post","type-post","status-publish","format-standard","has-post-thumbnail","hentry","category-informe-municipal","tag-cordoba"],"_links":{"self":[{"href":"http:\/\/argentinamunicipal.com.ar\/argentina\/wp-json\/wp\/v2\/posts\/134269","targetHints":{"allow":["GET"]}}],"collection":[{"href":"http:\/\/argentinamunicipal.com.ar\/argentina\/wp-json\/wp\/v2\/posts"}],"about":[{"href":"http:\/\/argentinamunicipal.com.ar\/argentina\/wp-json\/wp\/v2\/types\/post"}],"author":[{"embeddable":true,"href":"http:\/\/argentinamunicipal.com.ar\/argentina\/wp-json\/wp\/v2\/users\/2"}],"replies":[{"embeddable":true,"href":"http:\/\/argentinamunicipal.com.ar\/argentina\/wp-json\/wp\/v2\/comments?post=134269"}],"version-history":[{"count":0,"href":"http:\/\/argentinamunicipal.com.ar\/argentina\/wp-json\/wp\/v2\/posts\/134269\/revisions"}],"wp:featuredmedia":[{"embeddable":true,"href":"http:\/\/argentinamunicipal.com.ar\/argentina\/wp-json\/wp\/v2\/media\/134270"}],"wp:attachment":[{"href":"http:\/\/argentinamunicipal.com.ar\/argentina\/wp-json\/wp\/v2\/media?parent=134269"}],"wp:term":[{"taxonomy":"category","embeddable":true,"href":"http:\/\/argentinamunicipal.com.ar\/argentina\/wp-json\/wp\/v2\/categories?post=134269"},{"taxonomy":"post_tag","embeddable":true,"href":"http:\/\/argentinamunicipal.com.ar\/argentina\/wp-json\/wp\/v2\/tags?post=134269"}],"curies":[{"name":"wp","href":"https:\/\/api.w.org\/{rel}","templated":true}]}}