{"id":134284,"date":"2023-03-06T05:45:12","date_gmt":"2023-03-06T08:45:12","guid":{"rendered":"http:\/\/argentinamunicipal.com.ar\/argentina\/?p=134284"},"modified":"2023-03-02T06:00:10","modified_gmt":"2023-03-02T09:00:10","slug":"unas-17-cooperativas-de-recicladores-contienen-a-mas-de-1-000-entrerrianos","status":"publish","type":"post","link":"http:\/\/argentinamunicipal.com.ar\/argentina\/unas-17-cooperativas-de-recicladores-contienen-a-mas-de-1-000-entrerrianos\/","title":{"rendered":"Unas 17 cooperativas de recicladores contienen a m\u00e1s de 1.000 entrerrianos"},"content":{"rendered":"<p>Eco Urbano brind\u00f3 un panorama de la realidad del desaf\u00edo ambiental y de los recicladores<\/p>\n<p>Desde 2014 la Ley provincial N\u00b0 10.311 de Gesti\u00f3n Integral de Residuos S\u00f3lidos Urbanos (Girsu), en congruencia con la Ley de Presupuestos M\u00ednimos N\u00b0 25.916, determin\u00f3 que los municipios y comunas \u201cdeben prioritaria y progresivamente incluir al sector de recolectores informales al sistema de gesti\u00f3n de residuos e higiene urbana en condiciones de dignidad y salubridad\u201d. La mayor\u00eda de los municipios entrerrianos tiene como principal desaf\u00edo ambiental local la gesti\u00f3n integral, responsable y participativa de los residuos urbanos. Y para ello es vital el trabajo y servicio invalorable de las cooperativas y grupos de personas que recolectan, separan, enfardan, comercializan y hasta empiezan a agregar valor a los residuos que todos generan.<\/p>\n<p>\u201cLamentablemente todav\u00eda hay muchos gobiernos que no reconocen el trabajo del sector y los beneficios sociales, ambientales y econ\u00f3micos que generan, y tampoco valoran que las y los recuperadores forman parte de la soluci\u00f3n de este problema complejo, que amerita una revoluci\u00f3n cultural y educativa que asegure los cambios de h\u00e1bitos necesarios para que la comunidad separe los residuos en origen, generando una conciencia cr\u00edtica acerca de nuestra responsabilidad como consumidores\u201d, plante\u00f3 la entidad ambientalista Eco Urbano, en una nota enviada a\u00a0UNO, a prop\u00f3sito de la conmemoraci\u00f3n hoy del D\u00eda del Recuperador y la Recuperadora de Residuos.<\/p>\n<p>Con respecto a la fecha alusiva, habr\u00e1 hoy una reuni\u00f3n virtual para conversar los desaf\u00edos y problem\u00e1ticas que enfrenta el sector. Pero la particularidad es que la actividad de ma\u00f1ana ser\u00e1 preparatoria para el 7\u00b0 Encuentro provincial de recuperadores de residuos, que Eco Urbano organiza junto con las secretar\u00edas de Ambiente y Econom\u00eda Social de la Provincia y con el Instituto de Promoci\u00f3n de Cooperativas y Mutualidades de Entre R\u00edos.<\/p>\n<p><strong>Datos<\/strong><br \/>\nSeg\u00fan se consign\u00f3, Entre R\u00edos cuenta con m\u00e1s de 17 cooperativas y varios grupos de recicladores de base, sector que contiene m\u00e1s de 1.000 personas \u201cque apalancan d\u00eda a d\u00eda cientos de toneladas de materias primas para su reciclaje industrial, a los que se van sumando lentamente empresas que incorporan una gesti\u00f3n responsable como grandes generadores de residuos y actores de la econom\u00eda circular\u201d.<\/p>\n<p><strong>Listado<\/strong><br \/>\nEntre ellos figuran la Cooperativa de trabajo Nueva Vida Ltda. (Paran\u00e1), Cooperativa de trabajo Un Sue\u00f1o Cartonero Ltda. (Paran\u00e1), Cooperativa de trabajo Recicladores del Paran\u00e1-MTE (Paran\u00e1), Cooperativa de trabajo 28 de abril Ltda. (Cerrito), Cooperativa de trabajo El Turqui\u00f1o Ltda. (Hasenkamp), Cooperativa de trabajo San Francisco Ltda. (Bovril), Cooperativa de trabajo Creando Valores Ltda. (General Ram\u00edrez), Cooperativa de trabajo FURA RSU Ltda. (Santa Elena), Cooperativa de trabajo comunitario Cooperse Ltda. (Santa Elena), Cooperativa de trabajo La Esperanza Ltda. (Villaguay), Cooperativa de trabajo Ecoclar Ltda. (Villa Clara), Cooperativa de trabajo La Nueva Esperanza Ltda. (Tabossi), Cooperativa de trabajo Tierra de Palmares Ltda. (Pueblo Liebig), Cooperativa de trabajo La Mezcladora Ltda. (Urdinarrain), Cooperativa de trabajo Ecogualeguaych\u00fa Ltda. (Gualeguaych\u00fa), Cooperativa de trabajo Cielo Compartido Ltda. (San Jos\u00e9), Cooperativa de trabajo Mundo Reciclado Ltda. (Concordia), y grupos de recuperadores de Hernandarias, Pueblo Brugo, Villa Urquiza, Piedras Blancas, San Benito, Paso de la Laguna, Viale, Conscripto Bernardi y El Pingo.<\/p>\n<p>Eco Urbano destac\u00f3 que desde 2018 trabaja articuladamente con el gobierno provincial, acompa\u00f1ando y colaborando en esta agenda para fortalecer la gesti\u00f3n ambiental de los gobiernos locales, y tambi\u00e9n a este sector productivo clave en la cadena de valor del reciclaje de distintos residuos como papel, cart\u00f3n, metal, vidrio y pl\u00e1stico. El 80% de estos materiales que se reciclan pasaron por las manos de alg\u00fan recuperador o recuperadora de base.<\/p>\n<p>Reducir, reutilizar y reciclar ha sido la consigna pedag\u00f3gica para que los gurises practiquen los valores e incorporen estas pr\u00e1cticas fundamentales para detener el deterioro de los bienes naturales. Pero no es suficiente: necesitamos reflexionar profundamente sobre el paradigma civilizatorio y poder transitar hacia un modelo que ponga foco en el cuidado de la comunidad de vida.<\/p>\n<p><strong>Cuidado ambiental<\/strong><br \/>\n\u201cLos recicladores son los profesionales del cuidado ambiental, el cuidado del planeta\u201d, asegur\u00f3 el fil\u00f3sofo colombiano Bernardo Toro, durante la conferencia de apertura del primer encuentro mundial de recuperadores de materiales reciclables llevado a cabo en Bogot\u00e1 en los primeros d\u00edas de marzo de 2008, en el que participamos integrantes de la Fundaci\u00f3n Eco Urbano. Pasaron muchos a\u00f1os de ese encuentro internacional, que marc\u00f3 un hito en la visibilizaci\u00f3n y reconocimiento de esta agenda socio-ambiental com\u00fan a la mayor\u00eda de los pa\u00edses de Latinoam\u00e9rica, \u00c1frica y el resto del mundo, y que hoy se vuelve central para pensar y gestionar la \u2018econom\u00eda circular\u2019, este nuevo paradigma que nos propone el mundo desarrollado, principal responsable de la huella ecol\u00f3gica global cuyo resultado es la crisis clim\u00e1tica, h\u00eddrica, social y en t\u00e9rminos de p\u00e9rdida de biodiversidad\u201d, reflexion\u00f3 Eco Urbano.<\/p>\n<p>Y finaliz\u00f3: \u201cTenemos el derecho constitucional a tener un ambiente sano, pero tambi\u00e9n el deber de preservarlo, de cuidarlo. Por ello, este 1\u00b0 de marzo, D\u00eda Mundial de las y los recicladores de base, queremos proponer que \u2018cuidar a los que nos cuidan\u2019 sea pol\u00edtica de Estado\u201d.<\/p>\n<h6>Fuente: Uno<\/h6>\n","protected":false},"excerpt":{"rendered":"<p>Eco Urbano brind\u00f3 un panorama de la realidad del desaf\u00edo ambiental y de los recicladores<\/p>\n","protected":false},"author":2,"featured_media":134285,"comment_status":"closed","ping_status":"closed","sticky":false,"template":"","format":"standard","meta":{"footnotes":""},"categories":[2],"tags":[17],"class_list":["post-134284","post","type-post","status-publish","format-standard","has-post-thumbnail","hentry","category-informe-municipal","tag-entre-rios"],"_links":{"self":[{"href":"http:\/\/argentinamunicipal.com.ar\/argentina\/wp-json\/wp\/v2\/posts\/134284","targetHints":{"allow":["GET"]}}],"collection":[{"href":"http:\/\/argentinamunicipal.com.ar\/argentina\/wp-json\/wp\/v2\/posts"}],"about":[{"href":"http:\/\/argentinamunicipal.com.ar\/argentina\/wp-json\/wp\/v2\/types\/post"}],"author":[{"embeddable":true,"href":"http:\/\/argentinamunicipal.com.ar\/argentina\/wp-json\/wp\/v2\/users\/2"}],"replies":[{"embeddable":true,"href":"http:\/\/argentinamunicipal.com.ar\/argentina\/wp-json\/wp\/v2\/comments?post=134284"}],"version-history":[{"count":0,"href":"http:\/\/argentinamunicipal.com.ar\/argentina\/wp-json\/wp\/v2\/posts\/134284\/revisions"}],"wp:featuredmedia":[{"embeddable":true,"href":"http:\/\/argentinamunicipal.com.ar\/argentina\/wp-json\/wp\/v2\/media\/134285"}],"wp:attachment":[{"href":"http:\/\/argentinamunicipal.com.ar\/argentina\/wp-json\/wp\/v2\/media?parent=134284"}],"wp:term":[{"taxonomy":"category","embeddable":true,"href":"http:\/\/argentinamunicipal.com.ar\/argentina\/wp-json\/wp\/v2\/categories?post=134284"},{"taxonomy":"post_tag","embeddable":true,"href":"http:\/\/argentinamunicipal.com.ar\/argentina\/wp-json\/wp\/v2\/tags?post=134284"}],"curies":[{"name":"wp","href":"https:\/\/api.w.org\/{rel}","templated":true}]}}