{"id":134295,"date":"2023-03-03T05:24:46","date_gmt":"2023-03-03T08:24:46","guid":{"rendered":"http:\/\/argentinamunicipal.com.ar\/argentina\/?p=134295"},"modified":"2023-03-02T17:27:00","modified_gmt":"2023-03-02T20:27:00","slug":"la-dura-realidad-de-los-mendocinos-que-a-pesar-de-tener-trabajo-no-llegan-a-fin-de-mes","status":"publish","type":"post","link":"http:\/\/argentinamunicipal.com.ar\/argentina\/la-dura-realidad-de-los-mendocinos-que-a-pesar-de-tener-trabajo-no-llegan-a-fin-de-mes\/","title":{"rendered":"La dura realidad de los mendocinos que, a pesar de tener trabajo, no llegan a fin de mes"},"content":{"rendered":"<p>Los indicadores provenientes de la Encuesta Permanente de Hogares dan cuenta de una realidad se complejiza con el correr de los a\u00f1os en la provincia de Mendoza donde la mitad de los mendocinos tienen problemas de empleo y el ingreso per c\u00e1pita llega a los 44 mil pesos.<\/p>\n<p>El Instituto Nacional de Estad\u00edstica y Censos (Indec) emiti\u00f3 un informe que da cuenta de una situaci\u00f3n en relaci\u00f3n a la distribuci\u00f3n del ingreso que enciende las alarmas en algunas provincias y Mendoza no est\u00e1 exenta de la problem\u00e1tica. El promedio de los ingresos que perciben los mendocinos e ingreso per c\u00e1pita es m\u00e1s bajo que la media nacional y la mayor\u00eda de las provincias. A eso se suma que 5 de cada 10 mendocinos tienen problemas de empleo.<\/p>\n<p>La compleja realidad que viven cientos de familias en la provincia de Mendoza se ve reflejada en los resultados que surgen de la\u00a0Encuesta Permanente de Hogares (EPH)\u00a0elaborada por el\u00a0Indec. El informe publicado confirma que en Mendoza un 40% de la poblaci\u00f3n tiene problemas de\u00a0empleo\u00a0y el ingreso promedio per c\u00e1pita es cercano a los $44 mil.<\/p>\n<p>Los indicadores de las \u00e1reas geogr\u00e1ficas relevadas a trav\u00e9s de la EPH expresan que la desocupaci\u00f3n en el Gran Mendoza alcanza a un total de 31 mil personas, lo que corresponde a un 6%. Teniendo en cuenta las cifras registradas en el mismo periodo del 2021, hubo una baja en la tasa de desempleo ya que la misma era de 8,4% pero m\u00e1s all\u00e1 de esa leve \u00abmejor\u00eda\u00bb los n\u00fameros muestran que son muchas las personas que a\u00fan teniendo un empleo, buscan activamente otro.<\/p>\n<p>Los datos obtenidos del informe emitido por el\u00a0Indec\u00a0muestran que el porcentaje de personas con problemas de\u00a0empleo\u00a0es del 56,8%. Si se desglosan los datos obtenidos, resulta que los ocupados demandantes de empleo (refiere a la\u00a0poblaci\u00f3n ocupada que busca activamente otra ocupaci\u00f3n m\u00e1s la poblaci\u00f3n desocupada) en Mendoza\u00a0es del 26,3%, la subocupaci\u00f3n (ocupados que trabajan menos de 35 horas semanales por causas involuntarias y est\u00e1n dispuestos a trabajar m\u00e1s horas) es del 16,8% y los subocupados demandantes (ocupados que trabajan menos de 35 horas semanales por causas involuntarias, desean trabajar m\u00e1s horas y adem\u00e1s est\u00e1n buscando activamente otra ocupaci\u00f3n) es del 13,7%.<\/p>\n<p>A nivel nacional, los n\u00fameros muestran que \u201cla tasa de desocupaci\u00f3n baj\u00f3 7,9% a 6,7% entre los 3\u00b0 trimestres de 2021 y 2022; la de actividad subi\u00f3 de 45,6% a 46,4%; y la de empleo, de 42% a 43,3%\u201d.<\/p>\n<h6>Fuente: MDZ<\/h6>\n","protected":false},"excerpt":{"rendered":"<p>Los indicadores provenientes de la Encuesta Permanente de Hogares dan cuenta de una realidad se complejiza con el correr de los a\u00f1os en la provincia de Mendoza donde la mitad de los mendocinos tienen problemas de empleo y el ingreso per c\u00e1pita llega a los 44 mil pesos.<\/p>\n","protected":false},"author":2,"featured_media":134296,"comment_status":"closed","ping_status":"closed","sticky":false,"template":"","format":"standard","meta":{"footnotes":""},"categories":[2],"tags":[31],"class_list":["post-134295","post","type-post","status-publish","format-standard","has-post-thumbnail","hentry","category-informe-municipal","tag-mendoza"],"_links":{"self":[{"href":"http:\/\/argentinamunicipal.com.ar\/argentina\/wp-json\/wp\/v2\/posts\/134295","targetHints":{"allow":["GET"]}}],"collection":[{"href":"http:\/\/argentinamunicipal.com.ar\/argentina\/wp-json\/wp\/v2\/posts"}],"about":[{"href":"http:\/\/argentinamunicipal.com.ar\/argentina\/wp-json\/wp\/v2\/types\/post"}],"author":[{"embeddable":true,"href":"http:\/\/argentinamunicipal.com.ar\/argentina\/wp-json\/wp\/v2\/users\/2"}],"replies":[{"embeddable":true,"href":"http:\/\/argentinamunicipal.com.ar\/argentina\/wp-json\/wp\/v2\/comments?post=134295"}],"version-history":[{"count":0,"href":"http:\/\/argentinamunicipal.com.ar\/argentina\/wp-json\/wp\/v2\/posts\/134295\/revisions"}],"wp:featuredmedia":[{"embeddable":true,"href":"http:\/\/argentinamunicipal.com.ar\/argentina\/wp-json\/wp\/v2\/media\/134296"}],"wp:attachment":[{"href":"http:\/\/argentinamunicipal.com.ar\/argentina\/wp-json\/wp\/v2\/media?parent=134295"}],"wp:term":[{"taxonomy":"category","embeddable":true,"href":"http:\/\/argentinamunicipal.com.ar\/argentina\/wp-json\/wp\/v2\/categories?post=134295"},{"taxonomy":"post_tag","embeddable":true,"href":"http:\/\/argentinamunicipal.com.ar\/argentina\/wp-json\/wp\/v2\/tags?post=134295"}],"curies":[{"name":"wp","href":"https:\/\/api.w.org\/{rel}","templated":true}]}}